{"id":43705,"date":"2023-04-28T18:00:12","date_gmt":"2023-04-28T21:00:12","guid":{"rendered":"https:\/\/infovera.com.ar\/web\/?p=43705"},"modified":"2023-04-28T18:00:12","modified_gmt":"2023-04-28T21:00:12","slug":"la-epe-posterga-vencimientos-de-facturas-en-reconquista","status":"publish","type":"post","link":"https:\/\/infovera.com.ar\/web\/2023\/04\/28\/la-epe-posterga-vencimientos-de-facturas-en-reconquista\/","title":{"rendered":"La EPE posterga vencimientos de facturas en Reconquista"},"content":{"rendered":"<p>La medida alcanza a los usuarios comprendidos en los planes 65, 66 y 67.<\/p>\n<p>La nueva fecha opera el 19 de mayo.<\/p>\n<p>La Sucursal Reconquista de la Empresa Provincial de la Energ\u00eda informa que ha postergado hasta el 19 de mayo, el vencimiento de las facturas por consumo de energ\u00eda el\u00e9ctrica de los planes 65, 66 y 67 a fin de analizar los consumos de aquellos usuarios que as\u00ed lo requieran. En este sentido, y de ser necesario, se realizar\u00e1n las verificaciones en los equipos de medici\u00f3n correspondientes.<\/p>\n<p>A fin de agilizar la gesti\u00f3n de reclamos, se habilitar\u00e1 el n\u00famero de whatsapp 3482-581015, para que el usuario interesado pueda enviar una foto de la factura, para corroborar su estado de consumo, sin necesidad de dirigirse personalmente a las oficinas comerciales.<\/p>\n<p>Del an\u00e1lisis que se efect\u00fae de los casos reclamados, se proceder\u00e1 a refacturar ambos Bimestres (1 y 2) tomando como premisa preservar los beneficios que cuentan las Tarifas de Jubilados por nivel de consumo y los subsidios nacionales asignados a usuarios de Nivel 3 para consumos mensuales inferiores a los 400 kWh y usuarios de peque\u00f1os comercios e industrias para consumos inferiores a los 800 kWh mensuales.<\/p>\n","protected":false},"excerpt":{"rendered":"<p>La medida alcanza a los usuarios comprendidos en los planes 65, 66 y 67. La nueva fecha opera el 19 de mayo. La Sucursal Reconquista de la Empresa Provincial de la Energ\u00eda informa que ha postergado hasta el 19 de mayo, el vencimiento de las facturas por consumo de energ\u00eda el\u00e9ctrica de los planes 65, [&hellip;]<\/p>\n","protected":false},"author":3,"featured_media":43706,"comment_status":"closed","ping_status":"closed","sticky":false,"template":"","format":"standard","meta":{"_joinchat":[],"footnotes":""},"categories":[55],"tags":[],"class_list":{"0":"post-43705","1":"post","2":"type-post","3":"status-publish","4":"format-standard","5":"has-post-thumbnail","7":"category-reconquista"},"_links":{"self":[{"href":"https:\/\/infovera.com.ar\/web\/wp-json\/wp\/v2\/posts\/43705","targetHints":{"allow":["GET"]}}],"collection":[{"href":"https:\/\/infovera.com.ar\/web\/wp-json\/wp\/v2\/posts"}],"about":[{"href":"https:\/\/infovera.com.ar\/web\/wp-json\/wp\/v2\/types\/post"}],"author":[{"embeddable":true,"href":"https:\/\/infovera.com.ar\/web\/wp-json\/wp\/v2\/users\/3"}],"replies":[{"embeddable":true,"href":"https:\/\/infovera.com.ar\/web\/wp-json\/wp\/v2\/comments?post=43705"}],"version-history":[{"count":0,"href":"https:\/\/infovera.com.ar\/web\/wp-json\/wp\/v2\/posts\/43705\/revisions"}],"wp:featuredmedia":[{"embeddable":true,"href":"https:\/\/infovera.com.ar\/web\/wp-json\/wp\/v2\/media\/43706"}],"wp:attachment":[{"href":"https:\/\/infovera.com.ar\/web\/wp-json\/wp\/v2\/media?parent=43705"}],"wp:term":[{"taxonomy":"category","embeddable":true,"href":"https:\/\/infovera.com.ar\/web\/wp-json\/wp\/v2\/categories?post=43705"},{"taxonomy":"post_tag","embeddable":true,"href":"https:\/\/infovera.com.ar\/web\/wp-json\/wp\/v2\/tags?post=43705"}],"curies":[{"name":"wp","href":"https:\/\/api.w.org\/{rel}","templated":true}]}}