{"id":43702,"date":"2023-04-28T13:50:27","date_gmt":"2023-04-28T16:50:27","guid":{"rendered":"https:\/\/infovera.com.ar\/web\/?p=43702"},"modified":"2023-04-28T13:50:27","modified_gmt":"2023-04-28T16:50:27","slug":"santa-fe-incorpora-a-todas-sus-escuelas-primarias-al-plan-25","status":"publish","type":"post","link":"https:\/\/infovera.com.ar\/web\/2023\/04\/28\/santa-fe-incorpora-a-todas-sus-escuelas-primarias-al-plan-25\/","title":{"rendered":"Santa Fe incorpora a todas sus escuelas primarias al Plan 25"},"content":{"rendered":"<p>El ministro de Educaci\u00f3n, V\u00edctor Debloc, junto al ministro de Educaci\u00f3n de la Naci\u00f3n, Jaime Perczyk, firmaron el convenio para que la totalidad de las escuelas primarias de gesti\u00f3n estatal de la provincia de Santa Fe sumen una hora m\u00e1s de clase por d\u00eda.<\/p>\n<p>En Santa Fe, un total de 1387 escuelas pasar\u00e1n a tener un m\u00ednimo de 25 horas semanales de clase, entre las que suman una hora m\u00e1s de clase por d\u00eda y las que tienen jornada extendida o completa.<\/p>\n<p>En el acto de la firma del convenio, Debloc detall\u00f3: &#8220;Esta segunda acta complementaria de jornada extendida que firmamos hoy con el ministro Jaime Perczik habilita completar el Plan 25 a la totalidad de las escuelas primarias p\u00fablicas de la provincia de Santa Fe. Un gran avance de la ampliaci\u00f3n del tiempo escolar a favor de aprendizajes significativos y ense\u00f1anzas con formatos de talleres que fortalecen la lectura, la escritura, la resoluci\u00f3n de problemas y el pensamiento cient\u00edfico y computacional&#8221;.<\/p>\n<p>En este sentido, Debloc se\u00f1al\u00f3 que \u201cestamos cumpliendo la agenda de la Ley de Educaci\u00f3n Nacional con acuerdos federales transformadores, y con formaci\u00f3n continua a los docentes y directores. Se trata de una l\u00ednea estrat\u00e9gica que mejora la calidad de la educaci\u00f3n p\u00fablica\u201d.<\/p>\n<p>Por su parte, Perczyk indic\u00f3 que \u201cm\u00e1s de 10 mil escuelas de todo el pa\u00eds incorporaron en forma progresiva una hora m\u00e1s de clase por d\u00eda. Una de las condiciones para mejorar la calidad educativa es que las chicas y los chicos vayan m\u00e1s horas y m\u00e1s d\u00edas a la escuela\u201d.<\/p>\n<p>En ese sentido el ministro de Educaci\u00f3n de la Naci\u00f3n sostuvo que \u201ccon la incorporaci\u00f3n de una hora m\u00e1s de clase por d\u00eda en las escuelas primarias pasamos de 720 a 950 horas anuales. Sumar una hora m\u00e1s de clase por d\u00eda implica tener 38 d\u00edas m\u00e1s de clase por a\u00f1o. Se trata de una pol\u00edtica federal y un esfuerzo enorme de inversi\u00f3n por parte del Estado que contribuye con al menos el 80% del aumento de los salarios docentes por su extensi\u00f3n de la jornada laboral\u201d.<\/p>\n<p>Por su parte, el subsecretario de Educaci\u00f3n Primaria de Santa Fe, Ubaldo L\u00f3pez, en referencia a la importancia del convenio expres\u00f3 lo siguiente: \u201cLa implementaci\u00f3n del Plan 25 en las escuelas santafesinas refuerza el v\u00ednculo pedag\u00f3gico entre estudiantes y docentes. M\u00e1s tiempo en la escuela para aprender a fortalecer la escritura, la lectura, el pensamiento computacional, el pensamiento l\u00f3gico-matem\u00e1tico y fundamentalmente permitir que las chicas y los chicos puedan desarrollar y desplegar todo su potencial\u201d.<\/p>\n<p>&nbsp;<\/p>\n<p><strong>A PARTIR DEL 2 DE MAYO<\/strong><\/p>\n<p>El convenio firmado hoy por Perczyk y el ministro de Educaci\u00f3n de Santa Fe, V\u00edctor Debloc, establece que a partir del 2 de mayo, las secciones de jornada simple de 565 escuelas de gesti\u00f3n estatal de la provincia pasar\u00e1n a tener una hora adicional de clase, las que se suman a otras 822 que hab\u00edan comenzado su implementaci\u00f3n el a\u00f1o pasado.<\/p>\n<p>&nbsp;<\/p>\n<p><strong>PRESENTES<\/strong><\/p>\n<p>Participaron de la firma la secretaria de Educaci\u00f3n de la Naci\u00f3n, Silvina Gvirtz; el secretario general del Consejo Federal de Educaci\u00f3n, Marcelo Mango; y la secretaria de Cooperaci\u00f3n Educativa y Acciones Prioritarias, Andrea Garc\u00eda.<\/p>\n","protected":false},"excerpt":{"rendered":"<p>El ministro de Educaci\u00f3n, V\u00edctor Debloc, junto al ministro de Educaci\u00f3n de la Naci\u00f3n, Jaime Perczyk, firmaron el convenio para que la totalidad de las escuelas primarias de gesti\u00f3n estatal de la provincia de Santa Fe sumen una hora m\u00e1s de clase por d\u00eda. En Santa Fe, un total de 1387 escuelas pasar\u00e1n a tener [&hellip;]<\/p>\n","protected":false},"author":3,"featured_media":43703,"comment_status":"closed","ping_status":"closed","sticky":false,"template":"","format":"standard","meta":{"_joinchat":[],"footnotes":""},"categories":[60],"tags":[],"class_list":{"0":"post-43702","1":"post","2":"type-post","3":"status-publish","4":"format-standard","5":"has-post-thumbnail","7":"category-provinciales"},"_links":{"self":[{"href":"https:\/\/infovera.com.ar\/web\/wp-json\/wp\/v2\/posts\/43702","targetHints":{"allow":["GET"]}}],"collection":[{"href":"https:\/\/infovera.com.ar\/web\/wp-json\/wp\/v2\/posts"}],"about":[{"href":"https:\/\/infovera.com.ar\/web\/wp-json\/wp\/v2\/types\/post"}],"author":[{"embeddable":true,"href":"https:\/\/infovera.com.ar\/web\/wp-json\/wp\/v2\/users\/3"}],"replies":[{"embeddable":true,"href":"https:\/\/infovera.com.ar\/web\/wp-json\/wp\/v2\/comments?post=43702"}],"version-history":[{"count":0,"href":"https:\/\/infovera.com.ar\/web\/wp-json\/wp\/v2\/posts\/43702\/revisions"}],"wp:featuredmedia":[{"embeddable":true,"href":"https:\/\/infovera.com.ar\/web\/wp-json\/wp\/v2\/media\/43703"}],"wp:attachment":[{"href":"https:\/\/infovera.com.ar\/web\/wp-json\/wp\/v2\/media?parent=43702"}],"wp:term":[{"taxonomy":"category","embeddable":true,"href":"https:\/\/infovera.com.ar\/web\/wp-json\/wp\/v2\/categories?post=43702"},{"taxonomy":"post_tag","embeddable":true,"href":"https:\/\/infovera.com.ar\/web\/wp-json\/wp\/v2\/tags?post=43702"}],"curies":[{"name":"wp","href":"https:\/\/api.w.org\/{rel}","templated":true}]}}