{"id":43659,"date":"2023-04-25T14:00:42","date_gmt":"2023-04-25T17:00:42","guid":{"rendered":"https:\/\/infovera.com.ar\/web\/?p=43659"},"modified":"2023-05-02T08:17:10","modified_gmt":"2023-05-02T11:17:10","slug":"ruta-11-vialidad-nacional-firmo-el-contrato-para-reparar-la-calzada-entre-crespo-y-avellaneda","status":"publish","type":"post","link":"https:\/\/infovera.com.ar\/web\/2023\/04\/25\/ruta-11-vialidad-nacional-firmo-el-contrato-para-reparar-la-calzada-entre-crespo-y-avellaneda\/","title":{"rendered":"Ruta 11: Vialidad Nacional firm\u00f3 el contrato para reparar la calzada entre Crespo y Avellaneda"},"content":{"rendered":"<p><strong>El administrador general de Vialidad Nacional, Gustavo Arrieta, rubric\u00f3 el contrato con la empresa Coingsa para desarrollar trabajos de mejoramiento en la Ruta Nacional N\u00ba 11, desde Gobernador Crespo hasta Reconquista y Avellaneda. <\/strong><\/p>\n<p>Las obras representan para el Ministerio de Obras P\u00fablicas de la Naci\u00f3n una inversi\u00f3n cercana a los $ 4.200 millones, con un plazo de ejecuci\u00f3n de dos a\u00f1os. Desde el 7\u00ba Distrito Santa Fe de Vialidad Nacional se planifica en el mes de mayo comenzar con las primeras intervenciones de corte de pasto y bacheo de transitabilidad.<\/p>\n<p>La obra contratada comprender\u00e1 tareas de fresado de deformaciones, bacheo profundo, con la repavimentaci\u00f3n por tramos y el recalce de banquinas, sobre los 176 kil\u00f3metros beneficiados con las mejoras. Asimismo, se intervendr\u00e1 en las traves\u00edas urbanas, en especial en las zonas con deformaciones por la detenci\u00f3n y arranque en cruces semaforizados. Durante los dos a\u00f1os de contrato se sostendr\u00e1n trabajos de limpieza de desag\u00fces y de la zona de camino, incluidos el desmalezado y corte de pasto, la se\u00f1alizaci\u00f3n vertical y el reemplazo de barandas met\u00e1licas. Cabe destacar que adem\u00e1s de la RN 11 se incluy\u00f3 en el contrato firmado la conservaci\u00f3n de la Ruta Nacional N\u00ba A009 (acceso Puerto Reconquista desde RN 11).<\/p>\n<p>Por otro lado, acerca de las inversiones de Vialidad Nacional en Ruta Nacional N\u00ba 11, vale recordar que ayer se licit\u00f3 un contrato de Recuperaci\u00f3n y Mantenimiento (CReMa) de seis a\u00f1os de plazo para el tramo Santa Fe \u2013 Gobernador Crespo, compulsa de precios en la cual se presentaron tres ofertas para ser analizadas por el organismo.<\/p>\n<p>Paralelamente, para la misma Ruta 11 pero entre Rosario y Santa Fe, se avanza con la tramitaci\u00f3n final para la firma de contrato tambi\u00e9n por similares obras que las confirmadas para el sector entre Gobernador Crespo y Avellaneda, bajo un plazo de dos a\u00f1os de trabajos. Vale aclarar que hasta el comienzo de los trabajos por contrato, la RN 11 es mantenida en sus condiciones de transitabilidad con personal y equipamientos propios de Vialidad Nacional.<\/p>\n<p>Finalmente, desde Vialidad Nacional se reitera que para el tramo Avellaneda \u2013 Resistencia el mes pasado comenzaron las primeras acciones de conservaci\u00f3n de corte de pasto y bacheo de transitabilidad, con un programa de obras por seis a\u00f1os que en poco tiempo m\u00e1s incrementar\u00e1 el volumen de trabajos con repavimentaci\u00f3n por tramos en el territorio santafesino.<\/p>\n","protected":false},"excerpt":{"rendered":"<p>El administrador general de Vialidad Nacional, Gustavo Arrieta, rubric\u00f3 el contrato con la empresa Coingsa para desarrollar trabajos de mejoramiento en la Ruta Nacional N\u00ba 11, desde Gobernador Crespo hasta Reconquista y Avellaneda. Las obras representan para el Ministerio de Obras P\u00fablicas de la Naci\u00f3n una inversi\u00f3n cercana a los $ 4.200 millones, con un [&hellip;]<\/p>\n","protected":false},"author":3,"featured_media":43660,"comment_status":"closed","ping_status":"closed","sticky":false,"template":"","format":"standard","meta":{"_joinchat":[],"footnotes":""},"categories":[60],"tags":[],"class_list":{"0":"post-43659","1":"post","2":"type-post","3":"status-publish","4":"format-standard","5":"has-post-thumbnail","7":"category-provinciales"},"_links":{"self":[{"href":"https:\/\/infovera.com.ar\/web\/wp-json\/wp\/v2\/posts\/43659","targetHints":{"allow":["GET"]}}],"collection":[{"href":"https:\/\/infovera.com.ar\/web\/wp-json\/wp\/v2\/posts"}],"about":[{"href":"https:\/\/infovera.com.ar\/web\/wp-json\/wp\/v2\/types\/post"}],"author":[{"embeddable":true,"href":"https:\/\/infovera.com.ar\/web\/wp-json\/wp\/v2\/users\/3"}],"replies":[{"embeddable":true,"href":"https:\/\/infovera.com.ar\/web\/wp-json\/wp\/v2\/comments?post=43659"}],"version-history":[{"count":0,"href":"https:\/\/infovera.com.ar\/web\/wp-json\/wp\/v2\/posts\/43659\/revisions"}],"wp:featuredmedia":[{"embeddable":true,"href":"https:\/\/infovera.com.ar\/web\/wp-json\/wp\/v2\/media\/43660"}],"wp:attachment":[{"href":"https:\/\/infovera.com.ar\/web\/wp-json\/wp\/v2\/media?parent=43659"}],"wp:term":[{"taxonomy":"category","embeddable":true,"href":"https:\/\/infovera.com.ar\/web\/wp-json\/wp\/v2\/categories?post=43659"},{"taxonomy":"post_tag","embeddable":true,"href":"https:\/\/infovera.com.ar\/web\/wp-json\/wp\/v2\/tags?post=43659"}],"curies":[{"name":"wp","href":"https:\/\/api.w.org\/{rel}","templated":true}]}}