{"id":43650,"date":"2023-04-25T14:21:47","date_gmt":"2023-04-25T17:21:47","guid":{"rendered":"https:\/\/infovera.com.ar\/web\/?p=43650"},"modified":"2023-05-02T08:15:50","modified_gmt":"2023-05-02T11:15:50","slug":"videos-por-pedido-del-defensor-del-pueblo-se-freno-el-desalojo-de-una-familia-de-vera","status":"publish","type":"post","link":"https:\/\/infovera.com.ar\/web\/2023\/04\/25\/videos-por-pedido-del-defensor-del-pueblo-se-freno-el-desalojo-de-una-familia-de-vera\/","title":{"rendered":"Videos: por pedido del Defensor del Pueblo se fren\u00f3 el desalojo de una familia de Vera"},"content":{"rendered":"<p><strong>Se trata de una causa que viene de larga data. Los herederos del propietario original reclaman el terreno donde viven estas personas<\/strong>.<\/p>\n<p>Por pedido del Defensor del Pueblo, Jorge Henn, fue suspendido por el t\u00e9rmino de 30 d\u00edas el pedido de desalojo de la familia Gerez que habita en una vivienda situada por calle Estanislao L\u00f3pez al 2150 de Vera.<\/p>\n<p>El plazo perentorio para que los integrantes del grupo familiar entregaran el solar y su construcci\u00f3n venc\u00eda este martes, pero una solicitud interpuesta por el ombusman santafesino reprogram\u00f3 la medida.<\/p>\n<p>En el lugar, se concentr\u00f3 gran cantidad de vecinos, una oficial de justicia y el abogado querrellante, que representa a los demandantes. Estos \u00faltimos son herederos de un hombre de apellido Olivera, que m\u00e1s de dos d\u00e9cadas atr\u00e1s prest\u00f3 el terreno para que los Gerez se asentar\u00e1n en \u00e9l.<\/p>\n<p>La familia, dedicada a las changas y a ser carreros, vive all\u00ed hace a\u00f1ares con el permiso del entonces titular de la propiedad. Pero, los hijos del due\u00f1o iniciaron un tr\u00e1mite judicial para recuperar ese inmueble y la suerte de actuales ocupante qued\u00f3 echada.<\/p>\n<p>Vale decir que los Gerez nunca ocuparon el terreno por cuenta propia, sino que siempre contaron con la venia correspondiente de Olivera. Tambi\u00e9n es cierto que no tienen d\u00f3nde ir y est\u00e1n a merced de la providencia.<\/p>\n<p>La situaci\u00f3n judicial se prolong\u00f3 hasta estos d\u00edas, luego de que se suspendiera el desalojo ordenado por el Juzgado de Circuito de la Ciudad de Vera el d\u00eda 1 de septiembre de 2022.<\/p>\n<p><a href=\"https:\/\/infovera.com.ar\/web\/wp-content\/uploads\/2022\/08\/casa.png\"><img loading=\"lazy\" decoding=\"async\" class=\"alignleft size-full wp-image-39489\" src=\"https:\/\/infovera.com.ar\/web\/wp-content\/uploads\/2022\/08\/casa.png\" alt=\"\" width=\"968\" height=\"634\" srcset=\"https:\/\/infovera.com.ar\/web\/wp-content\/uploads\/2022\/08\/casa.png 968w, https:\/\/infovera.com.ar\/web\/wp-content\/uploads\/2022\/08\/casa-696x456.png 696w, https:\/\/infovera.com.ar\/web\/wp-content\/uploads\/2022\/08\/casa-741x486.png 741w, https:\/\/infovera.com.ar\/web\/wp-content\/uploads\/2022\/08\/casa-641x420.png 641w\" sizes=\"auto, (max-width: 968px) 100vw, 968px\" \/><\/a><\/p>\n<p><strong>El pedido\u00a0<\/strong><\/p>\n<p>De acuerdo a la informaci\u00f3n a la que accedi\u00f3<strong> InfoVera<\/strong>, Jorge Henn, defensor del Pueblo Adjunto Zona Centro -Norte, a cargo de la Defensor\u00eda Provincial de Ni\u00f1as, Ni\u00f1os y Adolescentes de Santa Fe, refiri\u00f3 en su pedido al juez de Circuito, Dr. Jos\u00e9 Luis Freijo, haber tomado cononocimiento de la situaci\u00f3n del grupo familiar integrado por adultos Gerez y por un grupo de ni\u00f1as, ni\u00f1os y adolescentes menores de 18, que habitan en el inmueble cuya desocupaci\u00f3n se persigue en la causa.<\/p>\n<p>El funcionario indic\u00f3 que, de llevarse a cabo el lanzamiento dispuesto para la ma\u00f1ana del 25 de abril, el n\u00facleo familiar de menci\u00f3n quedar\u00eda &#8220;expuesto a un importante estado de riesgo y vulnerabilidad en su derecho a una vivienda digna&#8221;.<\/p>\n<p>En la nota, Henn cit\u00f3 que profesionales de la Delegaci\u00f3n de la Defensor\u00eda del Pueblo en la<br \/>\nlocalidad de Vera &#8220;han realizado un trabajo de articulaci\u00f3n interinstitucional del cual se informa que en la situaci\u00f3n social de este grupo familiar se encuentran interviniendo los organismos estatales competentes municipales y provinciales&#8221;, tales como la Secretar\u00eda de Gobierno, de Obras y Servicios P\u00fablicos y de Desarrollo Humano de la Municipalidad de Vera, Secretar\u00eda de H\u00e1bitat del Ministerio de Infraestructura, Servicios P\u00fablicos y H\u00e1bitat de Santa Fe.<\/p>\n<p>Todo para garantizar a la brevedad el reestablecimiento en un terreno asignado por ordenanza municipal N\u00ba 2045\/23 del Concejo Municipal local donde se levantar\u00e1 una vivienda de tipo modular a cargo de la Secretar\u00eda de H\u00e1bitat de la provincia.<\/p>\n<p>En consecuencia, solicit\u00f3 al juez que &#8220;contemple la posibilidad de extender una pr\u00f3rroga&#8221; en tiempos razonables teniendo en consideraci\u00f3n los avances en la articulaci\u00f3n entre los organismos competentes que pueden garantizar una resoluci\u00f3n de la situaci\u00f3n habitacional que &#8220;brinde estabilidad, especialemente contemplando el derecho de las ni\u00f1as, ni\u00f1os y adolescentes a una vivienda digna&#8221;.<\/p>\n<p>En tanto, sostuvo que los desalojos forzosos no deber\u00edan dar lugar a que las ni\u00f1as y ni\u00f1os<br \/>\nqueden en una situaci\u00f3n de extrema vulnerabilidad, sin vivienda y expuestos a violaciones de otros derechos humanos. Cuando los afectados por el desalojo no dispongan de recursos, el Estado Parte deber\u00e1 adoptar todas las medidas necesarias, en la mayor medida que permitan sus recursos, para que se proporcione otra vivienda, reasentamiento o acceso a tierras productivas, de acuerdo a acuerdos internacionales.<\/p>\n<p><strong>Palabra del juez<\/strong><\/p>\n<p>El Dr. Jos\u00e9 Luis Freijo, titular del Juzgado de Primera Instancia de Circuito Judicial N\u00ba 13, explic\u00f3 a <strong>InfoVera<\/strong> que lad actuaciones se iniciaron en 2017 por finalizaci\u00f3n de contrato de locaci\u00f3n, y que en un fallo de su autor\u00eda dispuso el reintegro del inmueble a su leg\u00edtimo propietario. Tras una apelaci\u00f3n de un defensor de la familia Gerez, la Camar\u00e1 confirm\u00f3 el decisorio de primera instancia, pero la defensa insisti\u00f3 con su postura al punto de llegar con un recurso de queja a la Corte Suprema de la provincia. El tribunal superior tom\u00f3 el caso y orden\u00f3 que se cumpla la sentencia primera, cosa que tuvo varios intentos de ejecuci\u00f3n que se vieron siempre demorados.<\/p>\n<p>Ahora, el tiempo se acab\u00f3 y el fallo debe ser cumplido, no hay lugar para m\u00e1s dilaciones luego de cumplir los protocolos de asegurarle alojamiento a los menores en alguna residencia oficial. Por ello, una oficial de justicia se aperson\u00f3 esta ma\u00f1ana en la casa donde viven los Gerez para notificarlos del desalojo, llamado &#8220;lanzamiento&#8221; en la jerga judicial.<\/p>\n<blockquote><p><strong><span style=\"font-size: 12pt;\">Empero, un acuerdo de \u00faltimo momento entre la querella y los demandados puso en pausa la salida de estos por un plazo de 30 d\u00edas.<\/span><\/strong><\/p><\/blockquote>\n<p>El juez Freijo explic\u00f3 que en este tipo de casos impera el Derecho Civil, por lo cual las resoluciones tienen caracter dispositivo, esto es que las partes disponen qu\u00e9 hacer: si llegan a un acuerdo, pueden demorar la entrada en vigencia del fallo hasta tanto consideren necesario.<\/p>\n<p><strong>Casa propia<\/strong><\/p>\n<p>Exactamente, eso fue lo que ocurri\u00f3 hoy y que permiti\u00f3 que la familia contin\u00fae aloj\u00e1ndose all\u00ed por un mes m\u00e1s, hasta que el Estado pueda proveerle una casa propia.<\/p>\n<div style=\"width: 192px;\" class=\"wp-video\"><video class=\"wp-video-shortcode\" id=\"video-43650-1\" width=\"192\" height=\"352\" preload=\"metadata\" controls=\"controls\"><source type=\"video\/mp4\" src=\"https:\/\/infovera.com.ar\/web\/wp-content\/uploads\/2023\/04\/WhatsApp-Video-2023-04-25-at-11.20.45-AM.mp4?_=1\" \/><a href=\"https:\/\/infovera.com.ar\/web\/wp-content\/uploads\/2023\/04\/WhatsApp-Video-2023-04-25-at-11.20.45-AM.mp4\">https:\/\/infovera.com.ar\/web\/wp-content\/uploads\/2023\/04\/WhatsApp-Video-2023-04-25-at-11.20.45-AM.mp4<\/a><\/video><\/div>\n<div style=\"width: 640px;\" class=\"wp-video\"><video class=\"wp-video-shortcode\" id=\"video-43650-2\" width=\"640\" height=\"352\" preload=\"metadata\" controls=\"controls\"><source type=\"video\/mp4\" src=\"https:\/\/infovera.com.ar\/web\/wp-content\/uploads\/2023\/04\/WhatsApp-Video-2023-04-25-at-12.16.04-PM.mp4?_=2\" \/><a href=\"https:\/\/infovera.com.ar\/web\/wp-content\/uploads\/2023\/04\/WhatsApp-Video-2023-04-25-at-12.16.04-PM.mp4\">https:\/\/infovera.com.ar\/web\/wp-content\/uploads\/2023\/04\/WhatsApp-Video-2023-04-25-at-12.16.04-PM.mp4<\/a><\/video><\/div>\n","protected":false},"excerpt":{"rendered":"<p>Se trata de una causa que viene de larga data. Los herederos del propietario original reclaman el terreno donde viven estas personas. Por pedido del Defensor del Pueblo, Jorge Henn, fue suspendido por el t\u00e9rmino de 30 d\u00edas el pedido de desalojo de la familia Gerez que habita en una vivienda situada por calle Estanislao [&hellip;]<\/p>\n","protected":false},"author":3,"featured_media":43651,"comment_status":"closed","ping_status":"closed","sticky":false,"template":"","format":"standard","meta":{"_joinchat":[],"footnotes":""},"categories":[53],"tags":[],"class_list":{"0":"post-43650","1":"post","2":"type-post","3":"status-publish","4":"format-standard","5":"has-post-thumbnail","7":"category-vera"},"_links":{"self":[{"href":"https:\/\/infovera.com.ar\/web\/wp-json\/wp\/v2\/posts\/43650","targetHints":{"allow":["GET"]}}],"collection":[{"href":"https:\/\/infovera.com.ar\/web\/wp-json\/wp\/v2\/posts"}],"about":[{"href":"https:\/\/infovera.com.ar\/web\/wp-json\/wp\/v2\/types\/post"}],"author":[{"embeddable":true,"href":"https:\/\/infovera.com.ar\/web\/wp-json\/wp\/v2\/users\/3"}],"replies":[{"embeddable":true,"href":"https:\/\/infovera.com.ar\/web\/wp-json\/wp\/v2\/comments?post=43650"}],"version-history":[{"count":0,"href":"https:\/\/infovera.com.ar\/web\/wp-json\/wp\/v2\/posts\/43650\/revisions"}],"wp:featuredmedia":[{"embeddable":true,"href":"https:\/\/infovera.com.ar\/web\/wp-json\/wp\/v2\/media\/43651"}],"wp:attachment":[{"href":"https:\/\/infovera.com.ar\/web\/wp-json\/wp\/v2\/media?parent=43650"}],"wp:term":[{"taxonomy":"category","embeddable":true,"href":"https:\/\/infovera.com.ar\/web\/wp-json\/wp\/v2\/categories?post=43650"},{"taxonomy":"post_tag","embeddable":true,"href":"https:\/\/infovera.com.ar\/web\/wp-json\/wp\/v2\/tags?post=43650"}],"curies":[{"name":"wp","href":"https:\/\/api.w.org\/{rel}","templated":true}]}}