{"id":43565,"date":"2023-04-19T12:16:11","date_gmt":"2023-04-19T15:16:11","guid":{"rendered":"https:\/\/infovera.com.ar\/web\/?p=43565"},"modified":"2023-04-24T11:37:34","modified_gmt":"2023-04-24T14:37:34","slug":"los-pumas-esclarecieron-un-importante-hecho-de-abigeato-en-perjuicio-de-una-firma-de-reconquista","status":"publish","type":"post","link":"https:\/\/infovera.com.ar\/web\/2023\/04\/19\/los-pumas-esclarecieron-un-importante-hecho-de-abigeato-en-perjuicio-de-una-firma-de-reconquista\/","title":{"rendered":"Los Pumas esclarecieron un importante hecho de abigeato en perjuicio de una firma de Reconquista"},"content":{"rendered":"<p><strong>Los rurales de Vera y Fort\u00edn Olmos aprehendieron a tres sujetos por delito de abigeato.<\/strong><\/p>\n<p>Uniformados la Guardia Rural \u201cLos Pumas\u201d de Fort\u00edn Olmos, a cargo del comisario supervisor Carlos Lugo, realizaron exhaustas pesquisas y recabaron informaci\u00f3n en base a una denuncia efectuada por los propietarios y el encargado de la firma Productora &#8220;Buyatti<br \/>\nHermanos S.H.&#8221;, quienes fueron damnificados por robo de varios terneros.<\/p>\n<p>Posteriormente, en conjunto con sus pares de la Secci\u00f3n 19 Vera, continuaron realizando arduas investigaciones para detectar rastros de animales y datos a\u00fan m\u00e1s precisos y fehacientes sobre qui\u00e9nes ser\u00edan los autores del il\u00edcito.<\/p>\n<p>De esta manera, secuestraron en campos cercanosla cantidad de 37 animales con marcas<br \/>\ny se\u00f1ales reci\u00e9n estampadas, lo que alert\u00f3 el instinto de los agentes rurales y los llev\u00f3 a convocar inmediatamente a un m\u00e9dico veterinario, quien luego del peritaje realizado logr\u00f3 constatar la existencia de varios terneros que ser\u00edan propiedad de la firma denunciante.<\/p>\n<p>El jefe a cargo del operativo dio intervenci\u00f3n al fiscal de turno, que orden\u00f3 la detenci\u00f3n de<br \/>\ntres sujetos, presuntamente involucrados en el hecho, domiciliados en jurisdicci\u00f3n del paraje rural KM 70\/800.<\/p>\n<p>Tras ser aprehendedidos, fueron trasladados a la alcaid\u00eda de la Unidad Regional XIX<br \/>\ndonde fueron notificados de sus derechos y de la formaci\u00f3n de causa por el delito de<br \/>\nabigeato calificado, y quedaron a la espera de las audiencias imputativa y de medidas cautelares.<\/p>\n<p><a href=\"https:\/\/infovera.com.ar\/web\/wp-content\/uploads\/2023\/04\/SECCION-No-22-F.-OLMOS.jpeg\"><img loading=\"lazy\" decoding=\"async\" class=\"alignleft size-full wp-image-43567\" src=\"https:\/\/infovera.com.ar\/web\/wp-content\/uploads\/2023\/04\/SECCION-No-22-F.-OLMOS.jpeg\" alt=\"\" width=\"1600\" height=\"1200\" srcset=\"https:\/\/infovera.com.ar\/web\/wp-content\/uploads\/2023\/04\/SECCION-No-22-F.-OLMOS.jpeg 1600w, https:\/\/infovera.com.ar\/web\/wp-content\/uploads\/2023\/04\/SECCION-No-22-F.-OLMOS-696x522.jpeg 696w, https:\/\/infovera.com.ar\/web\/wp-content\/uploads\/2023\/04\/SECCION-No-22-F.-OLMOS-1068x801.jpeg 1068w, https:\/\/infovera.com.ar\/web\/wp-content\/uploads\/2023\/04\/SECCION-No-22-F.-OLMOS-560x420.jpeg 560w, https:\/\/infovera.com.ar\/web\/wp-content\/uploads\/2023\/04\/SECCION-No-22-F.-OLMOS-80x60.jpeg 80w, https:\/\/infovera.com.ar\/web\/wp-content\/uploads\/2023\/04\/SECCION-No-22-F.-OLMOS-265x198.jpeg 265w\" sizes=\"auto, (max-width: 1600px) 100vw, 1600px\" \/><\/a><\/p>\n","protected":false},"excerpt":{"rendered":"<p>Los rurales de Vera y Fort\u00edn Olmos aprehendieron a tres sujetos por delito de abigeato. Uniformados la Guardia Rural \u201cLos Pumas\u201d de Fort\u00edn Olmos, a cargo del comisario supervisor Carlos Lugo, realizaron exhaustas pesquisas y recabaron informaci\u00f3n en base a una denuncia efectuada por los propietarios y el encargado de la firma Productora &#8220;Buyatti Hermanos [&hellip;]<\/p>\n","protected":false},"author":3,"featured_media":43566,"comment_status":"closed","ping_status":"closed","sticky":false,"template":"","format":"standard","meta":{"_joinchat":[],"footnotes":""},"categories":[51,30],"tags":[],"class_list":{"0":"post-43565","1":"post","2":"type-post","3":"status-publish","4":"format-standard","5":"has-post-thumbnail","7":"category-locales","8":"category-policiales"},"_links":{"self":[{"href":"https:\/\/infovera.com.ar\/web\/wp-json\/wp\/v2\/posts\/43565","targetHints":{"allow":["GET"]}}],"collection":[{"href":"https:\/\/infovera.com.ar\/web\/wp-json\/wp\/v2\/posts"}],"about":[{"href":"https:\/\/infovera.com.ar\/web\/wp-json\/wp\/v2\/types\/post"}],"author":[{"embeddable":true,"href":"https:\/\/infovera.com.ar\/web\/wp-json\/wp\/v2\/users\/3"}],"replies":[{"embeddable":true,"href":"https:\/\/infovera.com.ar\/web\/wp-json\/wp\/v2\/comments?post=43565"}],"version-history":[{"count":0,"href":"https:\/\/infovera.com.ar\/web\/wp-json\/wp\/v2\/posts\/43565\/revisions"}],"wp:featuredmedia":[{"embeddable":true,"href":"https:\/\/infovera.com.ar\/web\/wp-json\/wp\/v2\/media\/43566"}],"wp:attachment":[{"href":"https:\/\/infovera.com.ar\/web\/wp-json\/wp\/v2\/media?parent=43565"}],"wp:term":[{"taxonomy":"category","embeddable":true,"href":"https:\/\/infovera.com.ar\/web\/wp-json\/wp\/v2\/categories?post=43565"},{"taxonomy":"post_tag","embeddable":true,"href":"https:\/\/infovera.com.ar\/web\/wp-json\/wp\/v2\/tags?post=43565"}],"curies":[{"name":"wp","href":"https:\/\/api.w.org\/{rel}","templated":true}]}}