{"id":43553,"date":"2023-04-19T10:56:26","date_gmt":"2023-04-19T13:56:26","guid":{"rendered":"https:\/\/infovera.com.ar\/web\/?p=43553"},"modified":"2023-04-19T10:56:26","modified_gmt":"2023-04-19T13:56:26","slug":"las-categorias-formativas-de-colon-revolucionaron-vera","status":"publish","type":"post","link":"https:\/\/infovera.com.ar\/web\/2023\/04\/19\/las-categorias-formativas-de-colon-revolucionaron-vera\/","title":{"rendered":"Las categor\u00edas formativas de Col\u00f3n revolucionaron Vera"},"content":{"rendered":"<p><strong>La presencia de las categor\u00edas 2007 y 2010 del Sabalero gener\u00f3 una gran convocatoria en el Club Estudiantes Unidos.<\/strong><\/p>\n<p>La presidente de la instituci\u00f3n, Betina Guzm\u00e1n, recibi\u00f3 a la delegaci\u00f3n visitante encabezada por el coordinador general de inferiores del Club Col\u00f3n, Adolfo Manetti; acompa\u00f1ado por el senador Osvaldo Sosa y el diputado provincial Oscar Cachi Mart\u00ednez, quienes fueron los responsables de organizar esta visita; al acto de presentaci\u00f3n tambi\u00e9n asisti\u00f3 el presidente de la Liga Verense de F\u00fatbol, \u00c1ngel Borrego.<\/p>\n<p>La presidente Betina Guzm\u00e1n expres\u00f3 la alegr\u00eda que representa la visita de un club del nivel de AFA como Col\u00f3n de Santa Fe.<\/p>\n<p>La presencia gener\u00f3 una gran expectativa en los chicos que se reflej\u00f3 desde la llegada de la delegaci\u00f3n sabalera, dado que \u201cmuchos se acercaron para verlos de cerca y sacarse fotos con ellos\u201d, se\u00f1al\u00f3.<\/p>\n<p>Tambi\u00e9n agradeci\u00f3 \u201cel apoyo pol\u00edtico recibido para hacer posible este verdadero acontecimiento que convoc\u00f3 a toda la familia\u201d.<\/p>\n<p>Adolfo Manetti destac\u00f3 el entusiasmo de directivos y j\u00f3venes que contribuyen al progreso de esta instituci\u00f3n.<\/p>\n<p>\u201cVenimos a ver chicos que ya conocemos de otros torneos y esperamos poder llevar algunos para que tambi\u00e9n se fortalezca esta relaci\u00f3n institucional en el tiempo\u201d, \u00a0indic\u00f3.<\/p>\n<p>El senador Osvaldo Sosa\u00a0 se refiri\u00f3 a que \u201cno logramos dimensionar lo que sienten los chicos\u00a0 en este momento por lo que representa el sue\u00f1o de llegar a ser grandes jugadores\u201d.<\/p>\n<p>Destac\u00f3 que, \u201csi bien los une una camiseta que es la del Club Estudiantes, en realidad es un combinado de los cuatro clubes de la ciudad para que todos tengan la oportunidad de mostrarse\u201d.<\/p>\n<p>Por su parte, el diputado Oscar \u201cCachi\u201d Mart\u00ednez agradeci\u00f3 la habitual hospitalidad que le brinda Vera y en este caso en donde \u201cel deporte se convierte en una herramienta que promueve los valores que conjugan talento con sacrificio y el trabajo en equipo\u201d.<\/p>\n<p>\u201cEste encuentro es una oportunidad de alentar a los chicos y eso es algo que tenemos que celebrar\u201d, concluy\u00f3.<\/p>\n<p>El evento tambi\u00e9n tuvo condimentos extras, como el sorteo de camisetas y la presencia del trofeo ganado por Col\u00f3n en el campeonato oficial de la AFA, su primera estrella, que fue centro de todas las fotos.<\/p>\n<p>El empate de los m\u00e1s chicos en dos tantos y el 1 a 1 de la categor\u00eda 2010, m\u00e1s all\u00e1 de los resultados, es una experiencia que los protagonistas guardar\u00e1n para siempre en su memoria.<\/p>\n","protected":false},"excerpt":{"rendered":"<p>La presencia de las categor\u00edas 2007 y 2010 del Sabalero gener\u00f3 una gran convocatoria en el Club Estudiantes Unidos. La presidente de la instituci\u00f3n, Betina Guzm\u00e1n, recibi\u00f3 a la delegaci\u00f3n visitante encabezada por el coordinador general de inferiores del Club Col\u00f3n, Adolfo Manetti; acompa\u00f1ado por el senador Osvaldo Sosa y el diputado provincial Oscar Cachi [&hellip;]<\/p>\n","protected":false},"author":3,"featured_media":43554,"comment_status":"closed","ping_status":"closed","sticky":false,"template":"","format":"standard","meta":{"_joinchat":[],"footnotes":""},"categories":[31,56,35],"tags":[],"class_list":{"0":"post-43553","1":"post","2":"type-post","3":"status-publish","4":"format-standard","5":"has-post-thumbnail","7":"category-deportes","8":"category-destacados","9":"category-futbol"},"_links":{"self":[{"href":"https:\/\/infovera.com.ar\/web\/wp-json\/wp\/v2\/posts\/43553","targetHints":{"allow":["GET"]}}],"collection":[{"href":"https:\/\/infovera.com.ar\/web\/wp-json\/wp\/v2\/posts"}],"about":[{"href":"https:\/\/infovera.com.ar\/web\/wp-json\/wp\/v2\/types\/post"}],"author":[{"embeddable":true,"href":"https:\/\/infovera.com.ar\/web\/wp-json\/wp\/v2\/users\/3"}],"replies":[{"embeddable":true,"href":"https:\/\/infovera.com.ar\/web\/wp-json\/wp\/v2\/comments?post=43553"}],"version-history":[{"count":0,"href":"https:\/\/infovera.com.ar\/web\/wp-json\/wp\/v2\/posts\/43553\/revisions"}],"wp:featuredmedia":[{"embeddable":true,"href":"https:\/\/infovera.com.ar\/web\/wp-json\/wp\/v2\/media\/43554"}],"wp:attachment":[{"href":"https:\/\/infovera.com.ar\/web\/wp-json\/wp\/v2\/media?parent=43553"}],"wp:term":[{"taxonomy":"category","embeddable":true,"href":"https:\/\/infovera.com.ar\/web\/wp-json\/wp\/v2\/categories?post=43553"},{"taxonomy":"post_tag","embeddable":true,"href":"https:\/\/infovera.com.ar\/web\/wp-json\/wp\/v2\/tags?post=43553"}],"curies":[{"name":"wp","href":"https:\/\/api.w.org\/{rel}","templated":true}]}}