{"id":43546,"date":"2023-04-18T19:33:13","date_gmt":"2023-04-18T22:33:13","guid":{"rendered":"https:\/\/infovera.com.ar\/web\/?p=43546"},"modified":"2023-04-18T19:33:13","modified_gmt":"2023-04-18T22:33:13","slug":"asamblea-de-a-v-e","status":"publish","type":"post","link":"https:\/\/infovera.com.ar\/web\/2023\/04\/18\/asamblea-de-a-v-e\/","title":{"rendered":"Asamblea de A.V.E."},"content":{"rendered":"<p>Adem\u00e1s de cumplir con las normativas fijadas por la Asociaci\u00f3n Verense de Escritores, se procedi\u00f3 a la presentaci\u00f3n de la Antolog\u00eda \u201cSinfon\u00eda de Emociones\u201d.<\/p>\n<p>Luego de las palabras de bienvenida de la presidente Liliana Mendoza, se dialog\u00f3 sobre el futuro accionar de la entidad cuyo eje principal es \u201cfomentar el h\u00e1bito de la lectura, sobre todo en los j\u00f3venes y para lo cual debemos apelar a quienes, adem\u00e1s de integrar AVE se desempe\u00f1an en la tarea docente\u201d.<\/p>\n<p>La presidente tambi\u00e9n hizo referencia a las muchas dificultades que se debieron sortear para la \u00faltima publicaci\u00f3n.<\/p>\n<p>Alba Saucedo resumi\u00f3 el accionar de la entidad a lo largo del a\u00f1o, destacando la presentaci\u00f3n de libros publicados por los socios Sixto Gonz\u00e1lez, autor de \u201cEl Ajedrecista\u201d y Ram\u00f3n Arroyo con \u201cLa Gallareta, mi pueblo\u201d.<\/p>\n<p>El informe financiero estuvo a cargo de Bienvenido Alfonso, quien comenz\u00f3 agradeciendo el aporte de los socios que, con el pago de las cuotas, sumado a un subsidio del senador Osvaldo Sosa, permiti\u00f3 \u201cafrontar los costos derivados de la certificaci\u00f3n de la documentaci\u00f3n y la obtenci\u00f3n de la personer\u00eda jur\u00eddica\u201d.<\/p>\n<p>\u201cA pesar de los gastos estamos en condiciones de informar que \u201cno hay deudas, el saldo es positivo y estamos en condiciones de abonar los compromisos que surjan\u00a0 en lo inmediato\u201d, concluy\u00f3.<\/p>\n<p>Con relaci\u00f3n a los proyectos futuros surgi\u00f3 la propuesta de organizar un evento literario con la participaci\u00f3n de los alumnos de los niveles primario y secundario, teniendo como eje tem\u00e1tico el aniversario de la ciudad que se celebra el 23 de junio.<\/p>\n<p>El encuentro culmin\u00f3 con la entrega de la\u00a0Antolog\u00eda y los respectivos certificados a quienes participaron en la misma.<\/p>\n<p>&nbsp;<\/p>\n<p><em>Letyana Press<\/em><\/p>\n","protected":false},"excerpt":{"rendered":"<p>Adem\u00e1s de cumplir con las normativas fijadas por la Asociaci\u00f3n Verense de Escritores, se procedi\u00f3 a la presentaci\u00f3n de la Antolog\u00eda \u201cSinfon\u00eda de Emociones\u201d. Luego de las palabras de bienvenida de la presidente Liliana Mendoza, se dialog\u00f3 sobre el futuro accionar de la entidad cuyo eje principal es \u201cfomentar el h\u00e1bito de la lectura, sobre [&hellip;]<\/p>\n","protected":false},"author":3,"featured_media":43547,"comment_status":"closed","ping_status":"closed","sticky":false,"template":"","format":"standard","meta":{"_joinchat":[],"footnotes":""},"categories":[53],"tags":[],"class_list":{"0":"post-43546","1":"post","2":"type-post","3":"status-publish","4":"format-standard","5":"has-post-thumbnail","7":"category-vera"},"_links":{"self":[{"href":"https:\/\/infovera.com.ar\/web\/wp-json\/wp\/v2\/posts\/43546","targetHints":{"allow":["GET"]}}],"collection":[{"href":"https:\/\/infovera.com.ar\/web\/wp-json\/wp\/v2\/posts"}],"about":[{"href":"https:\/\/infovera.com.ar\/web\/wp-json\/wp\/v2\/types\/post"}],"author":[{"embeddable":true,"href":"https:\/\/infovera.com.ar\/web\/wp-json\/wp\/v2\/users\/3"}],"replies":[{"embeddable":true,"href":"https:\/\/infovera.com.ar\/web\/wp-json\/wp\/v2\/comments?post=43546"}],"version-history":[{"count":0,"href":"https:\/\/infovera.com.ar\/web\/wp-json\/wp\/v2\/posts\/43546\/revisions"}],"wp:featuredmedia":[{"embeddable":true,"href":"https:\/\/infovera.com.ar\/web\/wp-json\/wp\/v2\/media\/43547"}],"wp:attachment":[{"href":"https:\/\/infovera.com.ar\/web\/wp-json\/wp\/v2\/media?parent=43546"}],"wp:term":[{"taxonomy":"category","embeddable":true,"href":"https:\/\/infovera.com.ar\/web\/wp-json\/wp\/v2\/categories?post=43546"},{"taxonomy":"post_tag","embeddable":true,"href":"https:\/\/infovera.com.ar\/web\/wp-json\/wp\/v2\/tags?post=43546"}],"curies":[{"name":"wp","href":"https:\/\/api.w.org\/{rel}","templated":true}]}}