{"id":43542,"date":"2023-04-18T17:47:35","date_gmt":"2023-04-18T20:47:35","guid":{"rendered":"https:\/\/infovera.com.ar\/web\/?p=43542"},"modified":"2023-04-19T15:19:19","modified_gmt":"2023-04-19T18:19:19","slug":"con-la-mafia-no-se-jode-el-mensaje-junto-a-una-bala-que-le-dejaron-a-un-vecino-de-vera","status":"publish","type":"post","link":"https:\/\/infovera.com.ar\/web\/2023\/04\/18\/con-la-mafia-no-se-jode-el-mensaje-junto-a-una-bala-que-le-dejaron-a-un-vecino-de-vera\/","title":{"rendered":"&#8220;Con la mafia no se jode&#8221;: el mensaje junto a una bala que le dejaron a un vecino de Vera"},"content":{"rendered":"<p><strong>Radic\u00f3 la denuncia en sede policial.<\/strong><\/p>\n<p>En la ma\u00f1ana del martes, Cristian G\u00f3mez de dispon\u00eda a salir de su vivienda ubicada por calle Alvear para llevar a su hijo a la escuela cuando se encontr\u00f3 con algo ineseperado: una una bolsa de pl\u00e1stico que resguardaba un envoltorio de papel, y que a su vez conten\u00eda algo en su interior.<\/p>\n<p>Con la prudencia que impon\u00eda la situaci\u00f3n, busc\u00f3 una rama de una \u00e1rbol y se la ingeni\u00f3 para desenvolver el hallazgo.<\/p>\n<p>El trozo de papel guardaba en su interior un bala calibre 9 mm y llevaba escrita a mano la leyenda &#8220;Con la mafia no se jode&#8221;.<\/p>\n<p>De ah\u00ed en m\u00e1s, se dirigi\u00f3 a sede policial para dejar asentada la denuncia y pedir que se investigue el caso.<\/p>\n<p>En di\u00e1logo con <strong>InfoVera,<\/strong> confirm\u00f3 lo ocurrido y dijo que, por el momento, esperar\u00e1 a que fiscal\u00eda intervenga para dar m\u00e1s detalles del suceso. Aunque, evalu\u00f3 que la modalidad de amenazas es similar a la que se practica en Rosario y crey\u00f3 oportuno que se haga p\u00fablica su presentaci\u00f3n para que la comunidad est\u00e9 atenta a este tipo de amedrentamientos.<\/p>\n<p>&#8220;Yo voy a seguir mi vida con tranquilidad, no tengo nada que temer si no ando en nada raro&#8221;, sostuvo.<\/p>\n","protected":false},"excerpt":{"rendered":"<p>Radic\u00f3 la denuncia en sede policial. En la ma\u00f1ana del martes, Cristian G\u00f3mez de dispon\u00eda a salir de su vivienda ubicada por calle Alvear para llevar a su hijo a la escuela cuando se encontr\u00f3 con algo ineseperado: una una bolsa de pl\u00e1stico que resguardaba un envoltorio de papel, y que a su vez conten\u00eda [&hellip;]<\/p>\n","protected":false},"author":3,"featured_media":43543,"comment_status":"closed","ping_status":"closed","sticky":false,"template":"","format":"standard","meta":{"_joinchat":[],"footnotes":""},"categories":[30,53],"tags":[],"class_list":{"0":"post-43542","1":"post","2":"type-post","3":"status-publish","4":"format-standard","5":"has-post-thumbnail","7":"category-policiales","8":"category-vera"},"_links":{"self":[{"href":"https:\/\/infovera.com.ar\/web\/wp-json\/wp\/v2\/posts\/43542","targetHints":{"allow":["GET"]}}],"collection":[{"href":"https:\/\/infovera.com.ar\/web\/wp-json\/wp\/v2\/posts"}],"about":[{"href":"https:\/\/infovera.com.ar\/web\/wp-json\/wp\/v2\/types\/post"}],"author":[{"embeddable":true,"href":"https:\/\/infovera.com.ar\/web\/wp-json\/wp\/v2\/users\/3"}],"replies":[{"embeddable":true,"href":"https:\/\/infovera.com.ar\/web\/wp-json\/wp\/v2\/comments?post=43542"}],"version-history":[{"count":0,"href":"https:\/\/infovera.com.ar\/web\/wp-json\/wp\/v2\/posts\/43542\/revisions"}],"wp:featuredmedia":[{"embeddable":true,"href":"https:\/\/infovera.com.ar\/web\/wp-json\/wp\/v2\/media\/43543"}],"wp:attachment":[{"href":"https:\/\/infovera.com.ar\/web\/wp-json\/wp\/v2\/media?parent=43542"}],"wp:term":[{"taxonomy":"category","embeddable":true,"href":"https:\/\/infovera.com.ar\/web\/wp-json\/wp\/v2\/categories?post=43542"},{"taxonomy":"post_tag","embeddable":true,"href":"https:\/\/infovera.com.ar\/web\/wp-json\/wp\/v2\/tags?post=43542"}],"curies":[{"name":"wp","href":"https:\/\/api.w.org\/{rel}","templated":true}]}}