{"id":43524,"date":"2023-04-17T18:59:26","date_gmt":"2023-04-17T21:59:26","guid":{"rendered":"https:\/\/infovera.com.ar\/web\/?p=43524"},"modified":"2023-04-17T18:59:26","modified_gmt":"2023-04-17T21:59:26","slug":"la-provincia-comenzo-la-vacunacion-antigripal-en-las-residencias-de-adultos-mayores","status":"publish","type":"post","link":"https:\/\/infovera.com.ar\/web\/2023\/04\/17\/la-provincia-comenzo-la-vacunacion-antigripal-en-las-residencias-de-adultos-mayores\/","title":{"rendered":"La provincia comenz\u00f3 la vacunaci\u00f3n antigripal en las residencias de adultos mayores"},"content":{"rendered":"<p>El gobierno provincial, a trav\u00e9s del Ministerio de Salud, comenz\u00f3 este lunes el operativo de vacunaci\u00f3n antigripal en residencias de adultos mayores de toda la provincia.<\/p>\n<p>En ese marco, el secretario de Salud, Jorge Prieto, sostuvo que el operativo implica \u201cuna pol\u00edtica sanitaria que tuvo un gran impacto durante la pandemia, acompa\u00f1ando a instituciones cerradas, como son las instituciones geri\u00e1tricas, tanto p\u00fablicas como privadas. Este abordaje en la estrategia de tomar una poblaci\u00f3n que est\u00e1 vulnerada por las virosis respiratorias es fundamental\u201d.<\/p>\n<p>Y agreg\u00f3 que \u201ces por ello que hoy lanzamos a nivel provincial esta campa\u00f1a de vacunaci\u00f3n con vacuna antigripal trivalente, para m\u00e1s de 16 mil personas incluidos usuarios y el personal de Salud\u201d y destac\u00f3 la importancia de la experiencia previa durante la pandemia, recalcando que \u201ctuvimos como resultado a trav\u00e9s de lo que fue la pandemia COVID, que Santa Fe fue una de las provincias que menos impacto tuvo de ingreso de virus dentro de los establecimientos\u201d.<\/p>\n<p>A su vez, Prieto remarc\u00f3 que \u00f1a poblaci\u00f3n objetivo de esta campa\u00f1a ser\u00e1n \u201cni\u00f1os y ni\u00f1as entre seis meses y dos a\u00f1os, poblaci\u00f3n desde dos a\u00f1os y sesenta y cuatro a\u00f1os con comorbilidades, embarazadas, pu\u00e9rperas, y personas de m\u00e1s sesenta y cinco a\u00f1os, que es la poblaci\u00f3n que comenzamos a cubrir\u201d.<\/p>\n<p><strong>M\u00c1S DE 400 RESIDENCIAS<\/strong><\/p>\n<p>Por su parte, el subsecretario de Promoci\u00f3n de la Salud, Sebasti\u00e1n Torres, manifest\u00f3 la satisfacci\u00f3n por la decisi\u00f3n pol\u00edtica de dar inicio a la campa\u00f1a 2023 \u201cpara poder estar cuidando a cada abuelo, abuela, a cada adulto que tenemos en m\u00e1s de 400 residencias en toda la provincia\u201d.<\/p>\n<p>El funcionario destac\u00f3 la articulaci\u00f3n \u201ccon las autoridades de cada residencia y autoridades de las localidad para que nuestros equipos puedan llegar. Con este operativo de cercan\u00eda, de ir a cada instituci\u00f3n, se puede estar vacunando y recalcando lo importante de estar inoculando, en este momento, con la vacuna antigripal\u201d.<\/p>\n<p>Seguidamente, la secretaria de Coordinaci\u00f3n del Gabinete de Salud, Ana Paula Milo, hizo hincapi\u00e9 en que \u201ceste operativo de vacunaci\u00f3n en las residencias de adultos mayores es una capacidad instalada que nos dej\u00f3 la pandemia. Cuando hablamos de lo positivo que nos ha dejado, nos referimos a estos equipos que han podido adaptarse a la demanda y pueden recorrer en simult\u00e1neo toda la provincia\u201d.<\/p>\n<p>Consultada por los plazos en que se desarrollar\u00e1 la vacunaci\u00f3n, Milo expres\u00f3: \u201cIntentamos que se extienda entre una semana a 10 d\u00edas, obviamente tambi\u00e9n va dependiendo de poder coordinar agenda con cada residencia, pero en general, lo que se planifica es un proceso efectivo, r\u00e1pido, masivo, y en simult\u00e1neo toda la provincia tenga cobertura\u201d.<\/p>\n<p><strong>DOSIS DISPONIBLES EN LOS EFECTORES DE SALUD<\/strong><\/p>\n<p>M\u00e1s adelante, Torres confirm\u00f3 que hay vacunas: \u201cLlegaron m\u00e1s de 300 mil dosis a la provincia que est\u00e1n distribuidas de manera estrat\u00e9gica en todos los efectores p\u00fablicos de la provincia de Santa Fe\u201d y agreg\u00f3 que \u201cestamos articulando con Iapos, que es la obra social de la provincia, con Pami y no nos olvidemos que tambi\u00e9n hay mucha gente con cobertura con prepaga, en la cual van a obtener su vacuna a trav\u00e9s de su obra social\u201d.<\/p>\n<p>En cuanto a la evaluaci\u00f3n general de la aplicaci\u00f3n, para Torres \u201cno se est\u00e1 viendo la injerencia que nos gustar\u00eda en t\u00e9rminos generales la poblaci\u00f3n, hay un treinta por ciento aproximadamente que se han vacunado, hasta ahora. Tal vez la cuesti\u00f3n climatol\u00f3gica no ha ayudado mucho, pero estamos tratando de insistir en lo importante de poder llegar o vacunados todos, esquema completo de vacunaci\u00f3n, no es solamente COVID, en este caso de la dosis antigripal\u201d, concluy\u00f3<\/p>\n","protected":false},"excerpt":{"rendered":"<p>El gobierno provincial, a trav\u00e9s del Ministerio de Salud, comenz\u00f3 este lunes el operativo de vacunaci\u00f3n antigripal en residencias de adultos mayores de toda la provincia. En ese marco, el secretario de Salud, Jorge Prieto, sostuvo que el operativo implica \u201cuna pol\u00edtica sanitaria que tuvo un gran impacto durante la pandemia, acompa\u00f1ando a instituciones cerradas, [&hellip;]<\/p>\n","protected":false},"author":3,"featured_media":43525,"comment_status":"closed","ping_status":"closed","sticky":false,"template":"","format":"standard","meta":{"_joinchat":[],"footnotes":""},"categories":[60],"tags":[],"class_list":{"0":"post-43524","1":"post","2":"type-post","3":"status-publish","4":"format-standard","5":"has-post-thumbnail","7":"category-provinciales"},"_links":{"self":[{"href":"https:\/\/infovera.com.ar\/web\/wp-json\/wp\/v2\/posts\/43524","targetHints":{"allow":["GET"]}}],"collection":[{"href":"https:\/\/infovera.com.ar\/web\/wp-json\/wp\/v2\/posts"}],"about":[{"href":"https:\/\/infovera.com.ar\/web\/wp-json\/wp\/v2\/types\/post"}],"author":[{"embeddable":true,"href":"https:\/\/infovera.com.ar\/web\/wp-json\/wp\/v2\/users\/3"}],"replies":[{"embeddable":true,"href":"https:\/\/infovera.com.ar\/web\/wp-json\/wp\/v2\/comments?post=43524"}],"version-history":[{"count":0,"href":"https:\/\/infovera.com.ar\/web\/wp-json\/wp\/v2\/posts\/43524\/revisions"}],"wp:featuredmedia":[{"embeddable":true,"href":"https:\/\/infovera.com.ar\/web\/wp-json\/wp\/v2\/media\/43525"}],"wp:attachment":[{"href":"https:\/\/infovera.com.ar\/web\/wp-json\/wp\/v2\/media?parent=43524"}],"wp:term":[{"taxonomy":"category","embeddable":true,"href":"https:\/\/infovera.com.ar\/web\/wp-json\/wp\/v2\/categories?post=43524"},{"taxonomy":"post_tag","embeddable":true,"href":"https:\/\/infovera.com.ar\/web\/wp-json\/wp\/v2\/tags?post=43524"}],"curies":[{"name":"wp","href":"https:\/\/api.w.org\/{rel}","templated":true}]}}