{"id":43513,"date":"2023-04-17T12:05:12","date_gmt":"2023-04-17T15:05:12","guid":{"rendered":"https:\/\/infovera.com.ar\/web\/?p=43513"},"modified":"2023-04-17T12:05:12","modified_gmt":"2023-04-17T15:05:12","slug":"gran-actuacion-de-atletas-verenses-en-la-corrida-ciudad-de-reconquista","status":"publish","type":"post","link":"https:\/\/infovera.com.ar\/web\/2023\/04\/17\/gran-actuacion-de-atletas-verenses-en-la-corrida-ciudad-de-reconquista\/","title":{"rendered":"Gran actuaci\u00f3n de atletas verenses en la Corrida &#8220;Ciudad de Reconquista&#8221;"},"content":{"rendered":"<p><strong>Se realiz\u00f3 el d\u00eda s\u00e1bado 15 de abril la 33\u00b0 Edici\u00f3n de la &#8220;Corrida Ciudad de Reconquista&#8221;.<\/strong><\/p>\n<p>La carrera pedestre fue disputada por calles la ciudad del norte, contando con la presencia de 460 competidores de la regi\u00f3n y provincias lim\u00edtrofes entre las distancias de 3K y 10K.<\/p>\n<p>Se dio cita un nutrido grupo deportistas running de la provincia de Santa Fe y de provincias lim\u00edtrofes: Corrientes, Chaco, Buenos Aires y C\u00f3rdoba.<\/p>\n<p>Fue representada la ciudad de Vera por las pe\u00f1as deportivas running.<\/p>\n<p>Con sobresaliente actuaci\u00f3n de deportistas verenses, destac\u00e1ndose en distancia Damas en puestos 3\u00b0 Ayel\u00e9n Villafa\u00f1e, 3\u00b0 Mar\u00eda Florencia Silva, 1\u00b0 M\u00f3nica \u00c1lvarez, 2\u00b0 Liliana Luna en sus respectivas categor\u00edas.<\/p>\n<p>Por su parte, en varones el deportista de Fort\u00edn Olmos, H\u00e9ctor Gomez, termin\u00f3 3\u00b0 en la general y 1\u00b0 en la categor\u00eda regional.<\/p>\n<div id='gallery-1' class='gallery galleryid-43513 gallery-columns-3 gallery-size-thumbnail'><figure class='gallery-item'>\n\t\t\t<div class='gallery-icon landscape'>\n\t\t\t\t<a href='https:\/\/infovera.com.ar\/web\/2023\/04\/17\/gran-actuacion-de-atletas-verenses-en-la-corrida-ciudad-de-reconquista\/1-111\/'><img loading=\"lazy\" decoding=\"async\" width=\"150\" height=\"113\" src=\"https:\/\/infovera.com.ar\/web\/wp-content\/uploads\/2023\/04\/1-3.jpg\" class=\"attachment-thumbnail size-thumbnail\" alt=\"\" srcset=\"https:\/\/infovera.com.ar\/web\/wp-content\/uploads\/2023\/04\/1-3.jpg 1080w, https:\/\/infovera.com.ar\/web\/wp-content\/uploads\/2023\/04\/1-3-696x522.jpg 696w, https:\/\/infovera.com.ar\/web\/wp-content\/uploads\/2023\/04\/1-3-1068x801.jpg 1068w, https:\/\/infovera.com.ar\/web\/wp-content\/uploads\/2023\/04\/1-3-560x420.jpg 560w, https:\/\/infovera.com.ar\/web\/wp-content\/uploads\/2023\/04\/1-3-80x60.jpg 80w, https:\/\/infovera.com.ar\/web\/wp-content\/uploads\/2023\/04\/1-3-265x198.jpg 265w\" sizes=\"auto, (max-width: 150px) 100vw, 150px\" \/><\/a>\n\t\t\t<\/div><\/figure><figure class='gallery-item'>\n\t\t\t<div class='gallery-icon landscape'>\n\t\t\t\t<a href='https:\/\/infovera.com.ar\/web\/2023\/04\/17\/gran-actuacion-de-atletas-verenses-en-la-corrida-ciudad-de-reconquista\/2-88\/'><img loading=\"lazy\" decoding=\"async\" width=\"150\" height=\"114\" src=\"https:\/\/infovera.com.ar\/web\/wp-content\/uploads\/2023\/04\/2.jpg\" class=\"attachment-thumbnail size-thumbnail\" alt=\"\" srcset=\"https:\/\/infovera.com.ar\/web\/wp-content\/uploads\/2023\/04\/2.jpg 1080w, https:\/\/infovera.com.ar\/web\/wp-content\/uploads\/2023\/04\/2-696x531.jpg 696w, https:\/\/infovera.com.ar\/web\/wp-content\/uploads\/2023\/04\/2-1068x815.jpg 1068w, https:\/\/infovera.com.ar\/web\/wp-content\/uploads\/2023\/04\/2-550x420.jpg 550w, https:\/\/infovera.com.ar\/web\/wp-content\/uploads\/2023\/04\/2-80x60.jpg 80w\" sizes=\"auto, (max-width: 150px) 100vw, 150px\" \/><\/a>\n\t\t\t<\/div><\/figure><figure class='gallery-item'>\n\t\t\t<div class='gallery-icon landscape'>\n\t\t\t\t<a href='https:\/\/infovera.com.ar\/web\/2023\/04\/17\/gran-actuacion-de-atletas-verenses-en-la-corrida-ciudad-de-reconquista\/3-79\/'><img loading=\"lazy\" decoding=\"async\" width=\"150\" height=\"113\" src=\"https:\/\/infovera.com.ar\/web\/wp-content\/uploads\/2023\/04\/3-2.jpg\" class=\"attachment-thumbnail size-thumbnail\" alt=\"\" srcset=\"https:\/\/infovera.com.ar\/web\/wp-content\/uploads\/2023\/04\/3-2.jpg 1080w, https:\/\/infovera.com.ar\/web\/wp-content\/uploads\/2023\/04\/3-2-696x522.jpg 696w, https:\/\/infovera.com.ar\/web\/wp-content\/uploads\/2023\/04\/3-2-1068x801.jpg 1068w, https:\/\/infovera.com.ar\/web\/wp-content\/uploads\/2023\/04\/3-2-560x420.jpg 560w, https:\/\/infovera.com.ar\/web\/wp-content\/uploads\/2023\/04\/3-2-80x60.jpg 80w, https:\/\/infovera.com.ar\/web\/wp-content\/uploads\/2023\/04\/3-2-265x198.jpg 265w\" sizes=\"auto, (max-width: 150px) 100vw, 150px\" \/><\/a>\n\t\t\t<\/div><\/figure><figure class='gallery-item'>\n\t\t\t<div class='gallery-icon landscape'>\n\t\t\t\t<a href='https:\/\/infovera.com.ar\/web\/2023\/04\/17\/gran-actuacion-de-atletas-verenses-en-la-corrida-ciudad-de-reconquista\/4-27\/'><img loading=\"lazy\" decoding=\"async\" width=\"150\" height=\"113\" src=\"https:\/\/infovera.com.ar\/web\/wp-content\/uploads\/2023\/04\/4.jpg\" class=\"attachment-thumbnail size-thumbnail\" alt=\"\" srcset=\"https:\/\/infovera.com.ar\/web\/wp-content\/uploads\/2023\/04\/4.jpg 1080w, https:\/\/infovera.com.ar\/web\/wp-content\/uploads\/2023\/04\/4-696x522.jpg 696w, https:\/\/infovera.com.ar\/web\/wp-content\/uploads\/2023\/04\/4-1068x801.jpg 1068w, https:\/\/infovera.com.ar\/web\/wp-content\/uploads\/2023\/04\/4-560x420.jpg 560w, https:\/\/infovera.com.ar\/web\/wp-content\/uploads\/2023\/04\/4-80x60.jpg 80w, https:\/\/infovera.com.ar\/web\/wp-content\/uploads\/2023\/04\/4-265x198.jpg 265w\" sizes=\"auto, (max-width: 150px) 100vw, 150px\" \/><\/a>\n\t\t\t<\/div><\/figure><figure class='gallery-item'>\n\t\t\t<div class='gallery-icon portrait'>\n\t\t\t\t<a href='https:\/\/infovera.com.ar\/web\/2023\/04\/17\/gran-actuacion-de-atletas-verenses-en-la-corrida-ciudad-de-reconquista\/5-17\/'><img loading=\"lazy\" decoding=\"async\" width=\"113\" height=\"150\" src=\"https:\/\/infovera.com.ar\/web\/wp-content\/uploads\/2023\/04\/5.jpg\" class=\"attachment-thumbnail size-thumbnail\" alt=\"\" srcset=\"https:\/\/infovera.com.ar\/web\/wp-content\/uploads\/2023\/04\/5.jpg 1200w, https:\/\/infovera.com.ar\/web\/wp-content\/uploads\/2023\/04\/5-696x928.jpg 696w, https:\/\/infovera.com.ar\/web\/wp-content\/uploads\/2023\/04\/5-1068x1424.jpg 1068w, https:\/\/infovera.com.ar\/web\/wp-content\/uploads\/2023\/04\/5-315x420.jpg 315w\" sizes=\"auto, (max-width: 113px) 100vw, 113px\" \/><\/a>\n\t\t\t<\/div><\/figure>\n\t\t<\/div>\n\n","protected":false},"excerpt":{"rendered":"<p>Se realiz\u00f3 el d\u00eda s\u00e1bado 15 de abril la 33\u00b0 Edici\u00f3n de la &#8220;Corrida Ciudad de Reconquista&#8221;. La carrera pedestre fue disputada por calles la ciudad del norte, contando con la presencia de 460 competidores de la regi\u00f3n y provincias lim\u00edtrofes entre las distancias de 3K y 10K. Se dio cita un nutrido grupo deportistas [&hellip;]<\/p>\n","protected":false},"author":3,"featured_media":43514,"comment_status":"closed","ping_status":"closed","sticky":false,"template":"","format":"standard","meta":{"_joinchat":[],"footnotes":""},"categories":[31,56],"tags":[],"class_list":{"0":"post-43513","1":"post","2":"type-post","3":"status-publish","4":"format-standard","5":"has-post-thumbnail","7":"category-deportes","8":"category-destacados"},"_links":{"self":[{"href":"https:\/\/infovera.com.ar\/web\/wp-json\/wp\/v2\/posts\/43513","targetHints":{"allow":["GET"]}}],"collection":[{"href":"https:\/\/infovera.com.ar\/web\/wp-json\/wp\/v2\/posts"}],"about":[{"href":"https:\/\/infovera.com.ar\/web\/wp-json\/wp\/v2\/types\/post"}],"author":[{"embeddable":true,"href":"https:\/\/infovera.com.ar\/web\/wp-json\/wp\/v2\/users\/3"}],"replies":[{"embeddable":true,"href":"https:\/\/infovera.com.ar\/web\/wp-json\/wp\/v2\/comments?post=43513"}],"version-history":[{"count":0,"href":"https:\/\/infovera.com.ar\/web\/wp-json\/wp\/v2\/posts\/43513\/revisions"}],"wp:featuredmedia":[{"embeddable":true,"href":"https:\/\/infovera.com.ar\/web\/wp-json\/wp\/v2\/media\/43514"}],"wp:attachment":[{"href":"https:\/\/infovera.com.ar\/web\/wp-json\/wp\/v2\/media?parent=43513"}],"wp:term":[{"taxonomy":"category","embeddable":true,"href":"https:\/\/infovera.com.ar\/web\/wp-json\/wp\/v2\/categories?post=43513"},{"taxonomy":"post_tag","embeddable":true,"href":"https:\/\/infovera.com.ar\/web\/wp-json\/wp\/v2\/tags?post=43513"}],"curies":[{"name":"wp","href":"https:\/\/api.w.org\/{rel}","templated":true}]}}