{"id":43510,"date":"2023-04-17T11:41:49","date_gmt":"2023-04-17T14:41:49","guid":{"rendered":"https:\/\/infovera.com.ar\/web\/?p=43510"},"modified":"2023-04-17T11:42:28","modified_gmt":"2023-04-17T14:42:28","slug":"comienzan-a-perfilarse-las-precandidaturas-con-lanzamientos-incluidos","status":"publish","type":"post","link":"https:\/\/infovera.com.ar\/web\/2023\/04\/17\/comienzan-a-perfilarse-las-precandidaturas-con-lanzamientos-incluidos\/","title":{"rendered":"Comienzan a perfilarse las precandidaturas con lanzamientos incluidos"},"content":{"rendered":"<p><strong>Por Dar\u00edo H. Schueri.<\/strong><\/p>\n<p>Falta menos de un mes para que los aspirantes a ocupar cargos electivos en la Provincia \u2013 unos cinco mil en total \u2013 inscriban sus nombres ante el Tribunal Electoral. Las expectativas de a poco van dejando paso a ciertas certezas, aunque como es tradicional hasta el filo del plazo los cambios de equipos y\/o de categor\u00edas formar\u00e1n parte del folklore pol\u00edtico. Las injustamente descalificadas \u201croscas\u201d preelectorales &#8211; \u00bfd\u00f3nde no las hay en la vida?-\u00a0 forman parte del cuerpo vivo de la democracia: elegir y ser elegido.<\/p>\n<p>Tal como cerr\u00e1bamos nuestro escrito hace una semana, en este turno electoral, como los anteriores, habr\u00e1 dos frentes que acaparar\u00e1n la mayor\u00eda de los votos: el peronismo y el hasta el martes el gen\u00e9rico \u201cfrente de frentes\u201d, que seg\u00fan los analistas repartir\u00edan la mayor porci\u00f3n de la torta electoral, b\u00e1sicamente en la categor\u00eda \u201cgobernador\u201d (supuesta con un 69% de participaci\u00f3n electoral como en la \u00faltima a Gobernador del 2019).<\/p>\n<p>En el a\u00f1o 2019 fueron a las urnas el FPCyS y el peronista Juntos. Ahora con nuevos nombres, entre ambos es muy probable que en la categor\u00eda a gobernador se lleven el 75% \u00a0&#8211; como m\u00ednimo \u2013 de los votos; presuponiendo la estatura de los jugadores que asoman.<\/p>\n<p>Hacemos la salvedad de la categor\u00eda \u201cgobernador\u201d porque con nuestra boleta \u00fanica, como ya ocurri\u00f3, bien el elector podr\u00eda votar un precandidato a gobernador de ambos frentes mayoritarios, pero elegir entre diputados de otros frentes o partidos.<\/p>\n<p><strong>La \u201cnacionalizaci\u00f3n\u201d de las elecciones provinciales<\/strong><\/p>\n<p>Este turno electoral provincial tendr\u00e1 la distintiva impuesta por el Gobernador Perotti (a diferencia de los calendarios fijados por Lifschitz y Bonfatti en abril y junio) de llevarse a cabo entremezclado con el nacional: 16 de julio y 10 de setiembre ser\u00e1n las elecciones santafesinas; y 13 de agosto y 22 de octubre las nacionales. Con cierres de listas el 12 de mayo y 24 de junio.<\/p>\n<p>Vale decir que a poco de conocerse los nombres de los precandidatos en Santa Fe, los aspirantes nacionales estar\u00e1n inscribiendo sus listas; mientras que los resultados de las PASO santafesinas se sabr\u00e1n en plena campa\u00f1a para las PASO nacionales; de tal manera que los triunfadores de las PASO locales del 16 de julio transitar\u00e1n hacia las generales del 10 de setiembre, pasando por las primarias nacionales del 13 de agosto.<\/p>\n<p>La \u00fanica coincidencia con las dos elecciones anteriores, ser\u00e1 que el Gobernador santafesina ya estar\u00e1 electo al momento de elegirse Presidente de la Naci\u00f3n.<\/p>\n<p>Si bien, el propio Gobernador Omar Perotti nos hab\u00eda reflexionado sobre finales del a\u00f1o pasado que \u201cla nacionalizaci\u00f3n de las elecciones se dar\u00e1 a partir de enero del a\u00f1o que viene\u201d (por este), es innegable que el calendario electoral por \u00e9l fijado las entremezcla de manera desafiante.<\/p>\n<p><strong>La ruta hacia el cierre de alianzas y listas de mayo<\/strong><\/p>\n<p>El 7 de mayo vence el plazo para el reconocimiento de alianzas, que hoy d\u00eda ser\u00edan al menos cinco: dos de la izquierda (Frente de Izquierda Unidad y Frente Amplio por la Soberan\u00eda), una \u201cconfesional\u201d hasta ahora innominada; la tambi\u00e9n sin denominaci\u00f3n alianza peronista y la mega coalici\u00f3n \u00bfUnidos por el Cambio? (este martes se sabr\u00e1).<\/p>\n<p>Una semana m\u00e1s tarde, el 12 de mayo, esos frentes electorales, mas los aspirantes que competir\u00e1n individualmente, sea \u00fanicamente con listas a diputados provinciales \u00f3 completando todas las categor\u00edas (gobernador y vice, senadores y diputados provinciales) deber\u00e1n inscribir las listas de candidatos.<\/p>\n<p><strong>Los aspirantes del 12 de mayo: Mirabella y Pullaro oficialmente a pista<\/strong><\/p>\n<p>Con el virtual pre lanzamiento el pasado viernes de Roberto Mirabella (con el argumento de la presentaci\u00f3n de su libro Defendamos Santa Fe) como precandidato a gobernador de Hacemos Santa Fe, la l\u00ednea interna de Omar Perotti, asistente al acto junto con la vicegobernadora Alejandra Rodenas, el peronismo tiene el \u201ccandidato oficialista\u201d, al cual por el momento se sabe que le saldr\u00e1n al cruce Marcos Cleri (La C\u00e1mpora), Leandro Busatto (La Corriente), Eduardo Toniolli (Movimiento Evita); mientras persiste la duda con el enigm\u00e1tico Marcelo Lewandowski.<\/p>\n<p>El \u201cfrente de frentes\u201d que este martes definir\u00e1 su nombre (\u00bfUnidos por el Cambio?) tendr\u00e1 el jueves 20 al mediod\u00eda en Esperanza el novedoso lanzamiento por streaming a precandidato a gobernador de Maximiliano Pullaro, en simult\u00e1neo desde la Cuna de la Colonizaci\u00f3n (donde estar\u00e1 Pullaro ante las c\u00e1maras, sin p\u00fablico ni militantes, s\u00f3lo acompa\u00f1ado por un dirigente agropecuario) con Santa Fe y Rosario donde habr\u00e1 tambi\u00e9n participantes de la pol\u00edtica y la seguridad.<\/p>\n<p>Previo a ello, el mi\u00e9rcoles en Rosario el equipo de Pullaro cerrar\u00e1 el programa de gobierno y afinar\u00e1n sectorialmente los detalles del acto de lanzamiento del \u201cfrente de frentes\u201d el martes 25 en Cayast\u00e1.<\/p>\n<p>Dentro de la mega coalici\u00f3n, tambi\u00e9n manifiestan abiertamente sus intenciones gubernamentales Dionisio Scarp\u00edn (UCR) y Betina Florito (ERF); mientras la socialista Clara Garc\u00eda revel\u00f3 en CSC Radio de Esperanza su deseo gubernamental, que deber\u00e1 refrendarla el congreso partidario del pr\u00f3ximo s\u00e1bado 22 en esta capital.<\/p>\n<p>A todo esto se aguarda la decisi\u00f3n de Carolina Losada, quien le hab\u00eda dicho a este Diario que ser\u00eda \u201cdespu\u00e9s de Pascuas\u201d, y ahora sobreviene el interrogante: \u00bfantes o despu\u00e9s del pr\u00f3ximo martes 25, fecha de presentaci\u00f3n del frente en Cayast\u00e1?. Todo parecer\u00eda indicar que despu\u00e9s del 25.<\/p>\n<p>Allende los frentes, este martes el ex dirigente peronista Gustavo Marconatto tambi\u00e9n anunciar\u00e1 su precandidatura a gobernador con el Partido \u201cEscucharte\u201d.<\/p>\n<p>\u201cHabr\u00e1 cien especulaciones y despu\u00e9s muy pocas sorpresas\u201d, vaticin\u00f3 un experto en lides electorales.<\/p>\n","protected":false},"excerpt":{"rendered":"<p>Por Dar\u00edo H. Schueri. Falta menos de un mes para que los aspirantes a ocupar cargos electivos en la Provincia \u2013 unos cinco mil en total \u2013 inscriban sus nombres ante el Tribunal Electoral. Las expectativas de a poco van dejando paso a ciertas certezas, aunque como es tradicional hasta el filo del plazo los [&hellip;]<\/p>\n","protected":false},"author":3,"featured_media":31952,"comment_status":"closed","ping_status":"closed","sticky":false,"template":"","format":"standard","meta":{"_joinchat":[],"footnotes":""},"categories":[58,66],"tags":[],"class_list":{"0":"post-43510","1":"post","2":"type-post","3":"status-publish","4":"format-standard","5":"has-post-thumbnail","7":"category-opinion","8":"category-politica"},"_links":{"self":[{"href":"https:\/\/infovera.com.ar\/web\/wp-json\/wp\/v2\/posts\/43510","targetHints":{"allow":["GET"]}}],"collection":[{"href":"https:\/\/infovera.com.ar\/web\/wp-json\/wp\/v2\/posts"}],"about":[{"href":"https:\/\/infovera.com.ar\/web\/wp-json\/wp\/v2\/types\/post"}],"author":[{"embeddable":true,"href":"https:\/\/infovera.com.ar\/web\/wp-json\/wp\/v2\/users\/3"}],"replies":[{"embeddable":true,"href":"https:\/\/infovera.com.ar\/web\/wp-json\/wp\/v2\/comments?post=43510"}],"version-history":[{"count":0,"href":"https:\/\/infovera.com.ar\/web\/wp-json\/wp\/v2\/posts\/43510\/revisions"}],"wp:featuredmedia":[{"embeddable":true,"href":"https:\/\/infovera.com.ar\/web\/wp-json\/wp\/v2\/media\/31952"}],"wp:attachment":[{"href":"https:\/\/infovera.com.ar\/web\/wp-json\/wp\/v2\/media?parent=43510"}],"wp:term":[{"taxonomy":"category","embeddable":true,"href":"https:\/\/infovera.com.ar\/web\/wp-json\/wp\/v2\/categories?post=43510"},{"taxonomy":"post_tag","embeddable":true,"href":"https:\/\/infovera.com.ar\/web\/wp-json\/wp\/v2\/tags?post=43510"}],"curies":[{"name":"wp","href":"https:\/\/api.w.org\/{rel}","templated":true}]}}