{"id":43507,"date":"2023-04-17T11:35:22","date_gmt":"2023-04-17T14:35:22","guid":{"rendered":"https:\/\/infovera.com.ar\/web\/?p=43507"},"modified":"2023-04-24T11:39:57","modified_gmt":"2023-04-24T14:39:57","slug":"vera-una-mujer-fue-imputada-por-vender-carne-en-la-via-publica","status":"publish","type":"post","link":"https:\/\/infovera.com.ar\/web\/2023\/04\/17\/vera-una-mujer-fue-imputada-por-vender-carne-en-la-via-publica\/","title":{"rendered":"Vera: una mujer fue imputada por vender carne en la v\u00eda p\u00fablica"},"content":{"rendered":"<p><strong>Se conduc\u00eda en un veh\u00edculo vendiendo carne con cuero en plena ciudad.<\/strong><\/p>\n<p>Efectivos de la Secci\u00f3n 19 de Los Pumas interceptaron un autom\u00f3vil en el que se conduc\u00edan dos mujeres transportando carne vacuna con cuero para la venta, aludiendo una de ellas que la procedencia del animal ser\u00eda propiedad de su marido y que tra\u00eda por encargue.<\/p>\n<p>Consultado por la situaci\u00f3n, el fiscal de turno dispuso se la impute, en estado de libertad, por infracci\u00f3n al art\u00edculo 206 del C\u00f3digo Penal, que establece que ser\u00e1 reprimido con prisi\u00f3n de uno a seis meses el que violare las reglas establecidas por las leyes de polic\u00eda sanitaria animal.<\/p>\n<p>Y orden\u00f3 que se constate la procedencia de la carne, hecho que los uniformados realizaron en Paraje &#8220;KM 12&#8221;, del distrito Toba, donde hallaron restos del animal en cuesti\u00f3n propiedad del marido de la mujer en cuesti\u00f3n, quien posee un comercio tipo carnicer\u00eda en el lugar.<\/p>\n","protected":false},"excerpt":{"rendered":"<p>Se conduc\u00eda en un veh\u00edculo vendiendo carne con cuero en plena ciudad. Efectivos de la Secci\u00f3n 19 de Los Pumas interceptaron un autom\u00f3vil en el que se conduc\u00edan dos mujeres transportando carne vacuna con cuero para la venta, aludiendo una de ellas que la procedencia del animal ser\u00eda propiedad de su marido y que tra\u00eda [&hellip;]<\/p>\n","protected":false},"author":3,"featured_media":43508,"comment_status":"closed","ping_status":"closed","sticky":false,"template":"","format":"standard","meta":{"_joinchat":[],"footnotes":""},"categories":[30,53],"tags":[],"class_list":{"0":"post-43507","1":"post","2":"type-post","3":"status-publish","4":"format-standard","5":"has-post-thumbnail","7":"category-policiales","8":"category-vera"},"_links":{"self":[{"href":"https:\/\/infovera.com.ar\/web\/wp-json\/wp\/v2\/posts\/43507","targetHints":{"allow":["GET"]}}],"collection":[{"href":"https:\/\/infovera.com.ar\/web\/wp-json\/wp\/v2\/posts"}],"about":[{"href":"https:\/\/infovera.com.ar\/web\/wp-json\/wp\/v2\/types\/post"}],"author":[{"embeddable":true,"href":"https:\/\/infovera.com.ar\/web\/wp-json\/wp\/v2\/users\/3"}],"replies":[{"embeddable":true,"href":"https:\/\/infovera.com.ar\/web\/wp-json\/wp\/v2\/comments?post=43507"}],"version-history":[{"count":0,"href":"https:\/\/infovera.com.ar\/web\/wp-json\/wp\/v2\/posts\/43507\/revisions"}],"wp:featuredmedia":[{"embeddable":true,"href":"https:\/\/infovera.com.ar\/web\/wp-json\/wp\/v2\/media\/43508"}],"wp:attachment":[{"href":"https:\/\/infovera.com.ar\/web\/wp-json\/wp\/v2\/media?parent=43507"}],"wp:term":[{"taxonomy":"category","embeddable":true,"href":"https:\/\/infovera.com.ar\/web\/wp-json\/wp\/v2\/categories?post=43507"},{"taxonomy":"post_tag","embeddable":true,"href":"https:\/\/infovera.com.ar\/web\/wp-json\/wp\/v2\/tags?post=43507"}],"curies":[{"name":"wp","href":"https:\/\/api.w.org\/{rel}","templated":true}]}}