{"id":43496,"date":"2023-04-16T20:29:09","date_gmt":"2023-04-16T23:29:09","guid":{"rendered":"https:\/\/infovera.com.ar\/web\/?p=43496"},"modified":"2023-04-24T11:41:06","modified_gmt":"2023-04-24T14:41:06","slug":"un-bache-en-la-ruta-11-provoco-un-triple-choque-frontal-al-sur-de-gobernador-crespo","status":"publish","type":"post","link":"https:\/\/infovera.com.ar\/web\/2023\/04\/16\/un-bache-en-la-ruta-11-provoco-un-triple-choque-frontal-al-sur-de-gobernador-crespo\/","title":{"rendered":"Video: un bache en la ruta 11 provoc\u00f3 un triple choque frontal al sur de Gobernador Crespo"},"content":{"rendered":"<p><strong>El accidente de tr\u00e1nsito ocurri\u00f3 en la tarde del domingo. El conductor de un auto habr\u00eda perdido el control del volante y colision\u00f3 con dos camionetas, de frente.<\/strong><\/p>\n<p>El siniestro vial se produjo a media tarde de la jornada del domingo al sur de la localidad de Gobernador Crespo, sobre la ruta nacional 11.<\/p>\n<p>Todo indica que el conductor de un auto se vio sorprendido por un bache de dimensiones situado sobre la cinta asf\u00e1ltica y, tras perder del control del volante, colision\u00f3 de frente con dos camionetas.<\/p>\n<p>Tanto el veh\u00edculo de menor porte como las pick ups sufrieron da\u00f1os considerables en sus partes delanteras.<\/p>\n<p><iframe loading=\"lazy\" title=\"Triple choque frontal en la ruta 11, al sur de Gobernador Crespo\" width=\"696\" height=\"392\" src=\"https:\/\/www.youtube.com\/embed\/fNYpALYNckc?feature=oembed\" frameborder=\"0\" allow=\"accelerometer; autoplay; clipboard-write; encrypted-media; gyroscope; picture-in-picture; web-share\" referrerpolicy=\"strict-origin-when-cross-origin\" allowfullscreen><\/iframe><\/p>\n<p>En el lugar trabaj\u00f3 personal policial local y bomberos de la zona. La ruta estuvo cortada hasta poco antes de las 20, cuando fue liberado con precauciones el paso.<\/p>\n<p>Desde la Unidad Regional XVI adelantaron que no hubo fallecidos.<\/p>\n<p><a href=\"https:\/\/infovera.com.ar\/web\/wp-content\/uploads\/2023\/04\/camioneta.jpg\"><img loading=\"lazy\" decoding=\"async\" class=\"alignleft size-full wp-image-43499\" src=\"https:\/\/infovera.com.ar\/web\/wp-content\/uploads\/2023\/04\/camioneta.jpg\" alt=\"\" width=\"1217\" height=\"601\" srcset=\"https:\/\/infovera.com.ar\/web\/wp-content\/uploads\/2023\/04\/camioneta.jpg 1217w, https:\/\/infovera.com.ar\/web\/wp-content\/uploads\/2023\/04\/camioneta-696x344.jpg 696w, https:\/\/infovera.com.ar\/web\/wp-content\/uploads\/2023\/04\/camioneta-1068x527.jpg 1068w, https:\/\/infovera.com.ar\/web\/wp-content\/uploads\/2023\/04\/camioneta-850x420.jpg 850w, https:\/\/infovera.com.ar\/web\/wp-content\/uploads\/2023\/04\/camioneta-324x160.jpg 324w\" sizes=\"auto, (max-width: 1217px) 100vw, 1217px\" \/><\/a><\/p>\n<p><a href=\"https:\/\/infovera.com.ar\/web\/wp-content\/uploads\/2023\/04\/auto.jpg\"><img loading=\"lazy\" decoding=\"async\" class=\"alignleft size-full wp-image-43498\" src=\"https:\/\/infovera.com.ar\/web\/wp-content\/uploads\/2023\/04\/auto.jpg\" alt=\"\" width=\"1291\" height=\"692\" srcset=\"https:\/\/infovera.com.ar\/web\/wp-content\/uploads\/2023\/04\/auto.jpg 1291w, https:\/\/infovera.com.ar\/web\/wp-content\/uploads\/2023\/04\/auto-696x373.jpg 696w, https:\/\/infovera.com.ar\/web\/wp-content\/uploads\/2023\/04\/auto-1068x572.jpg 1068w, https:\/\/infovera.com.ar\/web\/wp-content\/uploads\/2023\/04\/auto-784x420.jpg 784w\" sizes=\"auto, (max-width: 1291px) 100vw, 1291px\" \/><\/a><\/p>\n","protected":false},"excerpt":{"rendered":"<p>El accidente de tr\u00e1nsito ocurri\u00f3 en la tarde del domingo. El conductor de un auto habr\u00eda perdido el control del volante y colision\u00f3 con dos camionetas, de frente. El siniestro vial se produjo a media tarde de la jornada del domingo al sur de la localidad de Gobernador Crespo, sobre la ruta nacional 11. Todo [&hellip;]<\/p>\n","protected":false},"author":3,"featured_media":43497,"comment_status":"closed","ping_status":"closed","sticky":false,"template":"","format":"standard","meta":{"_joinchat":[],"footnotes":""},"categories":[51,30],"tags":[],"class_list":{"0":"post-43496","1":"post","2":"type-post","3":"status-publish","4":"format-standard","5":"has-post-thumbnail","7":"category-locales","8":"category-policiales"},"_links":{"self":[{"href":"https:\/\/infovera.com.ar\/web\/wp-json\/wp\/v2\/posts\/43496","targetHints":{"allow":["GET"]}}],"collection":[{"href":"https:\/\/infovera.com.ar\/web\/wp-json\/wp\/v2\/posts"}],"about":[{"href":"https:\/\/infovera.com.ar\/web\/wp-json\/wp\/v2\/types\/post"}],"author":[{"embeddable":true,"href":"https:\/\/infovera.com.ar\/web\/wp-json\/wp\/v2\/users\/3"}],"replies":[{"embeddable":true,"href":"https:\/\/infovera.com.ar\/web\/wp-json\/wp\/v2\/comments?post=43496"}],"version-history":[{"count":0,"href":"https:\/\/infovera.com.ar\/web\/wp-json\/wp\/v2\/posts\/43496\/revisions"}],"wp:featuredmedia":[{"embeddable":true,"href":"https:\/\/infovera.com.ar\/web\/wp-json\/wp\/v2\/media\/43497"}],"wp:attachment":[{"href":"https:\/\/infovera.com.ar\/web\/wp-json\/wp\/v2\/media?parent=43496"}],"wp:term":[{"taxonomy":"category","embeddable":true,"href":"https:\/\/infovera.com.ar\/web\/wp-json\/wp\/v2\/categories?post=43496"},{"taxonomy":"post_tag","embeddable":true,"href":"https:\/\/infovera.com.ar\/web\/wp-json\/wp\/v2\/tags?post=43496"}],"curies":[{"name":"wp","href":"https:\/\/api.w.org\/{rel}","templated":true}]}}