{"id":43493,"date":"2023-04-16T19:29:59","date_gmt":"2023-04-16T22:29:59","guid":{"rendered":"https:\/\/infovera.com.ar\/web\/?p=43493"},"modified":"2023-04-16T19:29:59","modified_gmt":"2023-04-16T22:29:59","slug":"la-provincia-adjudico-la-obra-del-acueducto-tostado-villa-minetti","status":"publish","type":"post","link":"https:\/\/infovera.com.ar\/web\/2023\/04\/16\/la-provincia-adjudico-la-obra-del-acueducto-tostado-villa-minetti\/","title":{"rendered":"La provincia adjudic\u00f3 la obra del Acueducto Tostado &#8211; Villa Minetti"},"content":{"rendered":"<p>Esta semana el gobierno de la provincia, adjudic\u00f3 la obra del Acueducto Tostado-Villa Minetti, mediante decreto N\u00b0663\/23. Los trabajos los ejecutar\u00e1 la Uni\u00f3n Transitoria de Empresas Werk Constructora SRL-Del Sol Constructora SA UT Acueducto Tostado, por la suma de $5.177,5 millones.<\/p>\n<p>&nbsp;<\/p>\n<p>La misma permitir\u00e1 abastecer de agua potable a m\u00e1s de 15.000 habitantes de las localidades de Pozo Borrado, San Bernardo y Villa Minetti, mediante conducciones nuevas a colocar. Mientras que a las localidades de Gregoria P\u00e9rez de Denis y Santa Margarita llegar\u00e1 el agua a trav\u00e9s del acueducto troncal, una vez ejecutado en la etapa previa.<\/p>\n<p>&nbsp;<\/p>\n<p>Al respecto, el secretario de Empresas y Servicios P\u00fablicos, Carlos Maina destac\u00f3 que \u201cel gobernador Omar Perotti conoce muy bien el potencial enorme que tiene nuestro norte provincial, y tambi\u00e9n la falta de infraestructura. Y a partir de ahora el gobierno de la provincia va a solucionar el problema del agua del departamento 9 de Julio&#8221;.<\/p>\n<p>&nbsp;<\/p>\n<p>LA OBRA<\/p>\n<p>&nbsp;<\/p>\n<p>Los trabajos fueron proyectados en cuatro tramos: el primero, abarca la ejecuci\u00f3n del Canal de Aducci\u00f3n y la obra de Toma, la instalaci\u00f3n de los m\u00f3dulos de Clarificaci\u00f3n, las obras civiles a ejecutar en el predio de la Planta Clarificadora, la construcci\u00f3n de la estaci\u00f3n de Bombeo N\u00ba1 y el tramo troncal de ca\u00f1er\u00eda desde la estaci\u00f3n de bombeo N\u00ba1 hasta la C\u00e1mara de Entrada a la cisterna de la Estaci\u00f3n de Bombeo N\u00ba2, Antonio Pini.<\/p>\n<p>&nbsp;<\/p>\n<p>El segundo tramo incluye todas las obras a ejecutar para la Estaci\u00f3n de Bombeo N\u00ba2, el tramo troncal de ca\u00f1er\u00eda desde dicha estaci\u00f3n hasta la c\u00e1mara de entrada a la cisterna de la Estaci\u00f3n de Bombeo N\u00ba3 en Pozo Borrado y para su ramal de abastecimiento.<\/p>\n<p>&nbsp;<\/p>\n<p>El tercer tramo, contempla las obras civiles a ejecutar para la Estaci\u00f3n de Bombeo N\u00ba3, el tramo troncal de ca\u00f1er\u00eda desde dicha estaci\u00f3n hasta la c\u00e1mara de entrada a la cisterna de la Estaci\u00f3n de Bombeo N\u00ba4 en Fort\u00edn Atahualpa. Mientras que el cuarto tramo, incluye todas las obras a ejecutar para la Estaci\u00f3n de Bombeo N\u00ba4, en Fort\u00edn Atahualpa, hasta la cisterna de Villa Minetti, para el ramal de abastecimiento a San Bernardo y para la vinculaci\u00f3n con el acueducto troncal con la infraestructura existente (cisternas y estaci\u00f3n de bombeo) en la Estaci\u00f3n de Bombeo N\u00ba5 Villa Minetti.<\/p>\n","protected":false},"excerpt":{"rendered":"<p>Esta semana el gobierno de la provincia, adjudic\u00f3 la obra del Acueducto Tostado-Villa Minetti, mediante decreto N\u00b0663\/23. Los trabajos los ejecutar\u00e1 la Uni\u00f3n Transitoria de Empresas Werk Constructora SRL-Del Sol Constructora SA UT Acueducto Tostado, por la suma de $5.177,5 millones. &nbsp; La misma permitir\u00e1 abastecer de agua potable a m\u00e1s de 15.000 habitantes de [&hellip;]<\/p>\n","protected":false},"author":3,"featured_media":43494,"comment_status":"closed","ping_status":"closed","sticky":false,"template":"","format":"standard","meta":{"_joinchat":[],"footnotes":""},"categories":[60],"tags":[],"class_list":{"0":"post-43493","1":"post","2":"type-post","3":"status-publish","4":"format-standard","5":"has-post-thumbnail","7":"category-provinciales"},"_links":{"self":[{"href":"https:\/\/infovera.com.ar\/web\/wp-json\/wp\/v2\/posts\/43493","targetHints":{"allow":["GET"]}}],"collection":[{"href":"https:\/\/infovera.com.ar\/web\/wp-json\/wp\/v2\/posts"}],"about":[{"href":"https:\/\/infovera.com.ar\/web\/wp-json\/wp\/v2\/types\/post"}],"author":[{"embeddable":true,"href":"https:\/\/infovera.com.ar\/web\/wp-json\/wp\/v2\/users\/3"}],"replies":[{"embeddable":true,"href":"https:\/\/infovera.com.ar\/web\/wp-json\/wp\/v2\/comments?post=43493"}],"version-history":[{"count":0,"href":"https:\/\/infovera.com.ar\/web\/wp-json\/wp\/v2\/posts\/43493\/revisions"}],"wp:featuredmedia":[{"embeddable":true,"href":"https:\/\/infovera.com.ar\/web\/wp-json\/wp\/v2\/media\/43494"}],"wp:attachment":[{"href":"https:\/\/infovera.com.ar\/web\/wp-json\/wp\/v2\/media?parent=43493"}],"wp:term":[{"taxonomy":"category","embeddable":true,"href":"https:\/\/infovera.com.ar\/web\/wp-json\/wp\/v2\/categories?post=43493"},{"taxonomy":"post_tag","embeddable":true,"href":"https:\/\/infovera.com.ar\/web\/wp-json\/wp\/v2\/tags?post=43493"}],"curies":[{"name":"wp","href":"https:\/\/api.w.org\/{rel}","templated":true}]}}