{"id":43470,"date":"2023-04-16T12:41:53","date_gmt":"2023-04-16T15:41:53","guid":{"rendered":"https:\/\/infovera.com.ar\/web\/?p=43470"},"modified":"2023-04-17T21:14:35","modified_gmt":"2023-04-18T00:14:35","slug":"por-una-reparacion-historica-para-el-norte","status":"publish","type":"post","link":"https:\/\/infovera.com.ar\/web\/2023\/04\/16\/por-una-reparacion-historica-para-el-norte\/","title":{"rendered":"Por una reparaci\u00f3n hist\u00f3rica para el norte"},"content":{"rendered":"<p>Sesion\u00f3 Corenosa en Vera.<\/p>\n<p>La convocatoria fue en el sal\u00f3n de la Sociedad Rural de Vera con la participaci\u00f3n de directivos de la entidad, intendentes, legisladores provinciales y nacionales, presidentes comunales, referentes pol\u00edticos\u00a0 y productores de los departamentos que la integran.<\/p>\n<p>A las palabras de bienvenida del presidente de la SRV, Sebasti\u00e1n Volkart quien agradeci\u00f3 recibirlos nuevamente y les dese\u00f3 una buena jornada de trabajo.<\/p>\n<p>Seguidamente el presidente de Corenosa, Alberto Buyatti, agradeci\u00f3 la presencia de \u201ctodos y especialmente al espectro pol\u00edtico que concurri\u00f3 para escuchar nuestras inquietudes\u201d.<\/p>\n<p>Luego, resumi\u00f3 la historia del origen del financiamiento externo para la creaci\u00f3n del Banco de la Provincia de Santa Fe que, seg\u00fan una investigaci\u00f3n period\u00edstica, fue pagado con 2.100.000 hect\u00e1reas que se entreg\u00f3 a los ingleses que hab\u00edan puesto el dinero y dieron origen a la creaci\u00f3n de La Forestal.<\/p>\n<p>\u201cNos consideran pertenecientes a la regi\u00f3n Centro-Norte y mientras durante mucho tiempo nos peleamos por priorizar las obras en nuestros departamentos, la preferencia por una u otra ruta, un puerto\u2026ese desacuerdo llev\u00f3 a postergar nuestras necesidades que se fueron para otro lado y lo \u00fanico que qued\u00f3 fueron las obras de La Forestal; pero hemos logrado ponernos de acuerdo para elaborar un proyecto com\u00fan que nos beneficie a todos, sin miedo a pedir las obras que necesitamos\u201d, se\u00f1al\u00f3.<\/p>\n<p>\u201cPor eso consideramos que es oportuno mantener nuestra intenci\u00f3n de solicitar una Reparaci\u00f3n Hist\u00f3rica para el Norte Santafesino en base a nuestras necesidades, pasando en limpio el borrador que elaboramos para que nuestros representantes pol\u00edticos sean los encargados de pelear por ellas\u201d, concluy\u00f3.<\/p>\n<p>A continuaci\u00f3n los presentes se agruparon en mesas de trabajo, por departamento, para fijar posici\u00f3n en base a los temas prioritarios de cada lugar.<\/p>\n<p>Finalmente se pas\u00f3 a las exposiciones de cada comisi\u00f3n y el presidente se mostr\u00f3 muy conforme porque se pudo sumar al sector pol\u00edtico que tambi\u00e9n hizo su aporte; repavimentaci\u00f3n de rutas, el proyecto de autov\u00eda para la Ruta 11, el gasoducto con ingreso al \u00e1rea industrial, el manejo h\u00eddrico, la recuperaci\u00f3n ferroviaria y la adaptaci\u00f3n de la Ley de Bosques, fueron algunos de los temas que surgieron en el debate.<\/p>\n<p>\u201cLa idea es que todos los gobernantes de todos los niveles que vengan tengan la visi\u00f3n del sector productivo y que nadie de afuera nos venga a decir lo que tenemos que hacer ac\u00e1, porque los integrantes de los seis departamentos que conforman Corenosa sabemos lo que queremos y c\u00f3mo lo queremos\u201d, agreg\u00f3.<\/p>\n<p>Se mostr\u00f3 partidario de dejar de lado la pertenencia al \u201cCentro Norte\u201d como un todo porque, a su criterio, hizo mucho da\u00f1o; dado que en esa relaci\u00f3n de representatividad a la hora de los bifes \u201cel centro comi\u00f3 los bifes y nosotros arroz con manteca, eso es lo que tenemos que cambiar y lo acabamos de definir por unanimidad\u201d, grafic\u00f3.<\/p>\n<p>\u201cLa provincia debe dividirse en norte, centro y sur, nosotros pelearemos por el norte y el resto que haga lo suyo\u201d, remarc\u00f3 al tiempo que adelant\u00f3 que las conclusiones finales se dar\u00e1n a conocer en los pr\u00f3ximos d\u00edas.<\/p>\n<p>Estuvieron presentes los diputados nacionales Marcelo Gonz\u00e1lez, Carolina Castests, los diputados provinciales Fabi\u00e1n Bast\u00eda, Marlen Esp\u00edndola, el senador provincial Orfilio Marc\u00f3n, los intendentes de San Javier, Mario Migno; de Malabrigo, Roberto Spont\u00f3n; de Avellaneda, Gonzalo Braidot, el presidente de la SR de Tostado, Jorge Mercau, concejales y productores de la regi\u00f3n, entre otros.<\/p>\n<p>Letyana Press<\/p>\n","protected":false},"excerpt":{"rendered":"<p>Sesion\u00f3 Corenosa en Vera. La convocatoria fue en el sal\u00f3n de la Sociedad Rural de Vera con la participaci\u00f3n de directivos de la entidad, intendentes, legisladores provinciales y nacionales, presidentes comunales, referentes pol\u00edticos\u00a0 y productores de los departamentos que la integran. A las palabras de bienvenida del presidente de la SRV, Sebasti\u00e1n Volkart quien agradeci\u00f3 [&hellip;]<\/p>\n","protected":false},"author":3,"featured_media":43471,"comment_status":"closed","ping_status":"closed","sticky":false,"template":"","format":"standard","meta":{"_joinchat":[],"footnotes":""},"categories":[53],"tags":[],"class_list":{"0":"post-43470","1":"post","2":"type-post","3":"status-publish","4":"format-standard","5":"has-post-thumbnail","7":"category-vera"},"_links":{"self":[{"href":"https:\/\/infovera.com.ar\/web\/wp-json\/wp\/v2\/posts\/43470","targetHints":{"allow":["GET"]}}],"collection":[{"href":"https:\/\/infovera.com.ar\/web\/wp-json\/wp\/v2\/posts"}],"about":[{"href":"https:\/\/infovera.com.ar\/web\/wp-json\/wp\/v2\/types\/post"}],"author":[{"embeddable":true,"href":"https:\/\/infovera.com.ar\/web\/wp-json\/wp\/v2\/users\/3"}],"replies":[{"embeddable":true,"href":"https:\/\/infovera.com.ar\/web\/wp-json\/wp\/v2\/comments?post=43470"}],"version-history":[{"count":0,"href":"https:\/\/infovera.com.ar\/web\/wp-json\/wp\/v2\/posts\/43470\/revisions"}],"wp:featuredmedia":[{"embeddable":true,"href":"https:\/\/infovera.com.ar\/web\/wp-json\/wp\/v2\/media\/43471"}],"wp:attachment":[{"href":"https:\/\/infovera.com.ar\/web\/wp-json\/wp\/v2\/media?parent=43470"}],"wp:term":[{"taxonomy":"category","embeddable":true,"href":"https:\/\/infovera.com.ar\/web\/wp-json\/wp\/v2\/categories?post=43470"},{"taxonomy":"post_tag","embeddable":true,"href":"https:\/\/infovera.com.ar\/web\/wp-json\/wp\/v2\/tags?post=43470"}],"curies":[{"name":"wp","href":"https:\/\/api.w.org\/{rel}","templated":true}]}}