{"id":43460,"date":"2023-04-14T18:30:34","date_gmt":"2023-04-14T21:30:34","guid":{"rendered":"https:\/\/infovera.com.ar\/web\/?p=43460"},"modified":"2023-04-17T21:15:46","modified_gmt":"2023-04-18T00:15:46","slug":"mirabella-presento-su-libro-junto-al-gobernador-omar-perotti","status":"publish","type":"post","link":"https:\/\/infovera.com.ar\/web\/2023\/04\/14\/mirabella-presento-su-libro-junto-al-gobernador-omar-perotti\/","title":{"rendered":"Mirabella present\u00f3 su libro junto al gobernador Omar Perotti"},"content":{"rendered":"<p><strong>La publicaci\u00f3n se titula \u201cDefendamos Santa Fe\u201d.<\/strong><\/p>\n<p>El diputado nacional present\u00f3 \u201cDefendamos Santa Fe\u201d en el Museo de la Constituci\u00f3n Nacional, obra en la que expresa su mirada respecto al desarrollo de la provincia y remarca la necesidad de continuar el camino iniciado por la actual gesti\u00f3n. \u201cTenemos que ir m\u00e1s lejos, avanzar m\u00e1s r\u00e1pido, corregir errores y hacer cosas que en tres a\u00f1os no se pudieron hacer. Pero no tenemos que volver atr\u00e1s ni cambiar de rumbo, sino que debemos construir un proyecto santafesino fuerte, para seguir defendiendo a Santa Fe\u201d, enfatiz\u00f3.<\/p>\n<p>El diputado nacional por Santa Fe, Roberto Mirabella, present\u00f3 su libro \u201cDefendamos Santa Fe\u201d en el Museo de la Constituci\u00f3n Nacional de la capital de la provincia. El lanzamiento cont\u00f3 con la presencia del gobernador Omar Perotti y m\u00e1s de 300 personas, incluyendo a funcionarios del gabinete provincial, empresarios, sindicalistas, legisladores nacionales y provinciales, intendentes y presidentes comunales, adem\u00e1s de la prensa y el p\u00fablico en general. Se trata de la primera de una serie de eventos que el diputado realizar\u00e1 en todo el territorio de la provincia durante las pr\u00f3ximas semanas.<\/p>\n<p>\u201cRecorr\u00ed mucho la provincia, conoc\u00ed mucha gente y visit\u00e9 muchas instituciones, clubes, empresas; habl\u00e9 con muchos productores, dirigentes de mi partido y de otras fuerzas pol\u00edticas. Es como dice Omar, uno no puede amar lo que no conoce y no se defiende lo que no se ama. Creo que esta convicci\u00f3n debemos tenerla todos los que, como yo, representamos a Santa Fe\u201d, subray\u00f3 el legislador.<\/p>\n<p>\u201cNo necesitamos que desde Buenos Aires nos digan qu\u00e9 tenemos que hacer, ni importar recetas. Necesitamos poner primero a Santa Fe. El camino es el que comenz\u00f3 Omar Perotti, acompa\u00f1ando a los que trabajan, producen, invierten, agregan valor y generan empleo; llevando adelante una transformaci\u00f3n educativa y en la salud p\u00fablica, con obras de infraestructura en cada rinc\u00f3n de la provincia\u201d, remarc\u00f3 el diputado.<\/p>\n<p>Por su parte, Omar Perotti, autor del pr\u00f3logo del libro, se\u00f1al\u00f3 que se trata de \u201cun libro para enriquecernos, porque demuestra nuestras potencialidades\u201d. \u201cDefendamos Santa Fe es la expresi\u00f3n para seguir construyendo el verdadero desarrollo federal. Los invito a recorrer sus p\u00e1ginas, escritas con fuerte vocaci\u00f3n pol\u00edtica y de compromiso con la provincia\u201d, remarc\u00f3 el gobernador.<\/p>\n<p>Asimismo, el legislador enfatiz\u00f3 el largo camino recorrido con el actual gobernador y la importancia de continuar profundizando un modelo de desarrollo centrado en los intereses y en las necesidades de la provincia. \u201cEn todo este trayecto pol\u00edtico junto a Omar, siempre tuvimos en claro que primero estaba Santa Fe. En todo lo que hacemos, tenemos como premisa la defensa de nuestra tierra, de nuestra gente, nuestras instituciones\u201d, se\u00f1al\u00f3.<\/p>\n<p>\u201cCuando Omar jur\u00f3, prometi\u00f3 integrar la provincia de norte a sur y de este a oeste. Vimos con mucho dolor, como en los \u00faltimos a\u00f1os mucha gente tuvo que emigrar de sus pueblos por falta de oportunidades. Hace poco estuve en Los Amores, un pueblo de 130 a\u00f1os en el norte al que reci\u00e9n ahora est\u00e1 llegando la ruta pavimentada. Eso construye y genera arraigo e iguala oportunidades\u201d, agreg\u00f3 el diputado.<\/p>\n<p>\u201cEste camino es el que tenemos que profundizar, ir m\u00e1s lejos, avanzar m\u00e1s r\u00e1pido, corregir errores y hacer cosas que en tres a\u00f1os no se pudieron hacer. Pero no tenemos que volver atr\u00e1s ni cambiar de camino. Tenemos que construir un proyecto santafesino fuerte, para seguir defendiendo a Santa Fe\u201d, concluy\u00f3 Mirabella.<\/p>\n<p>Durante las pr\u00f3ximas semanas, el legislador presentar\u00e1 el libro en localidades de los 19 departamentos de la provincia.<\/p>\n","protected":false},"excerpt":{"rendered":"<p>La publicaci\u00f3n se titula \u201cDefendamos Santa Fe\u201d. El diputado nacional present\u00f3 \u201cDefendamos Santa Fe\u201d en el Museo de la Constituci\u00f3n Nacional, obra en la que expresa su mirada respecto al desarrollo de la provincia y remarca la necesidad de continuar el camino iniciado por la actual gesti\u00f3n. \u201cTenemos que ir m\u00e1s lejos, avanzar m\u00e1s r\u00e1pido, [&hellip;]<\/p>\n","protected":false},"author":3,"featured_media":43461,"comment_status":"closed","ping_status":"closed","sticky":false,"template":"","format":"standard","meta":{"_joinchat":[],"footnotes":""},"categories":[66,60],"tags":[],"class_list":{"0":"post-43460","1":"post","2":"type-post","3":"status-publish","4":"format-standard","5":"has-post-thumbnail","7":"category-politica","8":"category-provinciales"},"_links":{"self":[{"href":"https:\/\/infovera.com.ar\/web\/wp-json\/wp\/v2\/posts\/43460","targetHints":{"allow":["GET"]}}],"collection":[{"href":"https:\/\/infovera.com.ar\/web\/wp-json\/wp\/v2\/posts"}],"about":[{"href":"https:\/\/infovera.com.ar\/web\/wp-json\/wp\/v2\/types\/post"}],"author":[{"embeddable":true,"href":"https:\/\/infovera.com.ar\/web\/wp-json\/wp\/v2\/users\/3"}],"replies":[{"embeddable":true,"href":"https:\/\/infovera.com.ar\/web\/wp-json\/wp\/v2\/comments?post=43460"}],"version-history":[{"count":0,"href":"https:\/\/infovera.com.ar\/web\/wp-json\/wp\/v2\/posts\/43460\/revisions"}],"wp:featuredmedia":[{"embeddable":true,"href":"https:\/\/infovera.com.ar\/web\/wp-json\/wp\/v2\/media\/43461"}],"wp:attachment":[{"href":"https:\/\/infovera.com.ar\/web\/wp-json\/wp\/v2\/media?parent=43460"}],"wp:term":[{"taxonomy":"category","embeddable":true,"href":"https:\/\/infovera.com.ar\/web\/wp-json\/wp\/v2\/categories?post=43460"},{"taxonomy":"post_tag","embeddable":true,"href":"https:\/\/infovera.com.ar\/web\/wp-json\/wp\/v2\/tags?post=43460"}],"curies":[{"name":"wp","href":"https:\/\/api.w.org\/{rel}","templated":true}]}}