{"id":43442,"date":"2023-04-13T23:30:25","date_gmt":"2023-04-14T02:30:25","guid":{"rendered":"https:\/\/infovera.com.ar\/web\/?p=43442"},"modified":"2023-04-14T14:11:46","modified_gmt":"2023-04-14T17:11:46","slug":"victoria-tolosa-paz-visitara-vera","status":"publish","type":"post","link":"https:\/\/infovera.com.ar\/web\/2023\/04\/13\/victoria-tolosa-paz-visitara-vera\/","title":{"rendered":"Victoria Tolosa Paz visitar\u00e1 Vera"},"content":{"rendered":"<p>La ministra de Desarrollo Social de la Naci\u00f3n visitar\u00e1 la ciudad en el marco de una gira por el norte provincial.<\/p>\n<p>El pr\u00f3ximo lunes a las 16 ser\u00e1 recibida en la sede municipal y luego presidir\u00e1 un acto en el club Gimnasia donde har\u00e1 entrega de 8 millones de pesos a la instituci\u00f3n deportiva.<\/p>\n<p>La llegada de la funcionaria nacional de primera l\u00ednea es coordinada por el dirigente pol\u00edtico Alejandro &#8220;Oso&#8221; Bustos.<\/p>\n","protected":false},"excerpt":{"rendered":"<p>La ministra de Desarrollo Social de la Naci\u00f3n visitar\u00e1 la ciudad en el marco de una gira por el norte provincial. El pr\u00f3ximo lunes a las 16 ser\u00e1 recibida en la sede municipal y luego presidir\u00e1 un acto en el club Gimnasia donde har\u00e1 entrega de 8 millones de pesos a la instituci\u00f3n deportiva. La [&hellip;]<\/p>\n","protected":false},"author":3,"featured_media":43443,"comment_status":"closed","ping_status":"closed","sticky":false,"template":"","format":"standard","meta":{"_joinchat":[],"footnotes":""},"categories":[1],"tags":[],"class_list":{"0":"post-43442","1":"post","2":"type-post","3":"status-publish","4":"format-standard","5":"has-post-thumbnail","7":"category-sin-categoria"},"_links":{"self":[{"href":"https:\/\/infovera.com.ar\/web\/wp-json\/wp\/v2\/posts\/43442","targetHints":{"allow":["GET"]}}],"collection":[{"href":"https:\/\/infovera.com.ar\/web\/wp-json\/wp\/v2\/posts"}],"about":[{"href":"https:\/\/infovera.com.ar\/web\/wp-json\/wp\/v2\/types\/post"}],"author":[{"embeddable":true,"href":"https:\/\/infovera.com.ar\/web\/wp-json\/wp\/v2\/users\/3"}],"replies":[{"embeddable":true,"href":"https:\/\/infovera.com.ar\/web\/wp-json\/wp\/v2\/comments?post=43442"}],"version-history":[{"count":0,"href":"https:\/\/infovera.com.ar\/web\/wp-json\/wp\/v2\/posts\/43442\/revisions"}],"wp:featuredmedia":[{"embeddable":true,"href":"https:\/\/infovera.com.ar\/web\/wp-json\/wp\/v2\/media\/43443"}],"wp:attachment":[{"href":"https:\/\/infovera.com.ar\/web\/wp-json\/wp\/v2\/media?parent=43442"}],"wp:term":[{"taxonomy":"category","embeddable":true,"href":"https:\/\/infovera.com.ar\/web\/wp-json\/wp\/v2\/categories?post=43442"},{"taxonomy":"post_tag","embeddable":true,"href":"https:\/\/infovera.com.ar\/web\/wp-json\/wp\/v2\/tags?post=43442"}],"curies":[{"name":"wp","href":"https:\/\/api.w.org\/{rel}","templated":true}]}}