{"id":43438,"date":"2023-04-13T20:20:43","date_gmt":"2023-04-13T23:20:43","guid":{"rendered":"https:\/\/infovera.com.ar\/web\/?p=43438"},"modified":"2023-04-13T20:21:40","modified_gmt":"2023-04-13T23:21:40","slug":"corenosa-realizara-una-jornada-sobre-proyecto-de-reparacion-historica-en-vera","status":"publish","type":"post","link":"https:\/\/infovera.com.ar\/web\/2023\/04\/13\/corenosa-realizara-una-jornada-sobre-proyecto-de-reparacion-historica-en-vera\/","title":{"rendered":"CORENOSA realizar\u00e1 una Jornada sobre Proyecto de Reparaci\u00f3n Hist\u00f3rica en Vera"},"content":{"rendered":"<p style=\"font-weight: 400;\">El s\u00e1bado 15 de abril de 2023, en el SUM Predio Ferial de la Sociedad Rural de Vera (Calle Sambarino s\/n), a partir de las 10 horas, se llevar\u00e1 a cabo una Jornada de debate del Proyecto de Reparaci\u00f3n Hist\u00f3rica para el Norte Santafesino propuesto por Corenosa.<\/p>\n<p style=\"font-weight: 400;\">La actividad se desarrollar\u00e1 bajo la metodolog\u00eda de mesas de debate por departamento (General Obligado, Vera, 9 de Julio, San Javier, San Justo y San Crist\u00f3bal), coordinadas por el senador correspondiente a cada departamento e integradas por diputados,<strong>\u00a0<\/strong>intendentes, presidentes comunales y representantes de instituciones asociadas e invitadas de la zona de influencia de Corenosa.<\/p>\n<p style=\"font-weight: 400;\">El objetivo del encuentro es propiciar un \u00e1mbito de discusi\u00f3n e intercambio de posturas para generar consenso sobre las obras que se proponen en el Proyecto de Reparaci\u00f3n Hist\u00f3rica para el Norte Santafesino. El documento final ser\u00e1 entregado a todos los legisladores como agenda de requerimientos para impulsar las actividades econ\u00f3micas y productivas de la regi\u00f3n, y mejorar as\u00ed la calidad de vida de sus habitantes.<\/p>\n","protected":false},"excerpt":{"rendered":"<p>El s\u00e1bado 15 de abril de 2023, en el SUM Predio Ferial de la Sociedad Rural de Vera (Calle Sambarino s\/n), a partir de las 10 horas, se llevar\u00e1 a cabo una Jornada de debate del Proyecto de Reparaci\u00f3n Hist\u00f3rica para el Norte Santafesino propuesto por Corenosa. La actividad se desarrollar\u00e1 bajo la metodolog\u00eda de [&hellip;]<\/p>\n","protected":false},"author":3,"featured_media":43439,"comment_status":"closed","ping_status":"closed","sticky":false,"template":"","format":"standard","meta":{"_joinchat":[],"footnotes":""},"categories":[53],"tags":[],"class_list":{"0":"post-43438","1":"post","2":"type-post","3":"status-publish","4":"format-standard","5":"has-post-thumbnail","7":"category-vera"},"_links":{"self":[{"href":"https:\/\/infovera.com.ar\/web\/wp-json\/wp\/v2\/posts\/43438","targetHints":{"allow":["GET"]}}],"collection":[{"href":"https:\/\/infovera.com.ar\/web\/wp-json\/wp\/v2\/posts"}],"about":[{"href":"https:\/\/infovera.com.ar\/web\/wp-json\/wp\/v2\/types\/post"}],"author":[{"embeddable":true,"href":"https:\/\/infovera.com.ar\/web\/wp-json\/wp\/v2\/users\/3"}],"replies":[{"embeddable":true,"href":"https:\/\/infovera.com.ar\/web\/wp-json\/wp\/v2\/comments?post=43438"}],"version-history":[{"count":0,"href":"https:\/\/infovera.com.ar\/web\/wp-json\/wp\/v2\/posts\/43438\/revisions"}],"wp:featuredmedia":[{"embeddable":true,"href":"https:\/\/infovera.com.ar\/web\/wp-json\/wp\/v2\/media\/43439"}],"wp:attachment":[{"href":"https:\/\/infovera.com.ar\/web\/wp-json\/wp\/v2\/media?parent=43438"}],"wp:term":[{"taxonomy":"category","embeddable":true,"href":"https:\/\/infovera.com.ar\/web\/wp-json\/wp\/v2\/categories?post=43438"},{"taxonomy":"post_tag","embeddable":true,"href":"https:\/\/infovera.com.ar\/web\/wp-json\/wp\/v2\/tags?post=43438"}],"curies":[{"name":"wp","href":"https:\/\/api.w.org\/{rel}","templated":true}]}}