{"id":43428,"date":"2023-04-13T17:13:25","date_gmt":"2023-04-13T20:13:25","guid":{"rendered":"https:\/\/infovera.com.ar\/web\/?p=43428"},"modified":"2023-04-17T21:18:30","modified_gmt":"2023-04-18T00:18:30","slug":"la-legislatura-aprobo-los-pliegos-de-martinez-y-lapissonde","status":"publish","type":"post","link":"https:\/\/infovera.com.ar\/web\/2023\/04\/13\/la-legislatura-aprobo-los-pliegos-de-martinez-y-lapissonde\/","title":{"rendered":"La Legislatura aprob\u00f3 los pliegos de Mart\u00ednez y Lapissonde"},"content":{"rendered":"<p><strong>Bajo el signo del consenso pol\u00edtico por los nombres elegidos por el gobernador Omar Perotti, la Legislatura santafesina vot\u00f3 los pliegos para renovar la conducci\u00f3n del Ministerio P\u00fablico de la Acusaci\u00f3n y del Servicio P\u00fablico Provincial de la Defensa Penal.<\/strong><\/p>\n<p>M\u00e1s all\u00e1 del dato de que se trata de nuevas autoridades mujeres en ambos institutos del sistema penal santafesino, lo relevante es que de las ternas de que dispon\u00eda el Poder Ejecutivo Provincial (luego de la celebraci\u00f3n de los concursos), la Casa Gris eligi\u00f3 los nombres con m\u00e1s chances de no sufrir serias objeciones para el nivel m\u00e1s alto de decisiones en ambos institutos de la justicia penal santafesina.<\/p>\n<p>El pliego de la Dra Mar\u00eda Cecila Vranicich, como fiscal general del Ministerio P\u00fablico de la Acusaci\u00f3n de la Provincia de Santa Fe fue votado por unamidad con 64 votos por la afirmativa, ninguno por la negativa y sin abstenciones. Lo mismo, Mar\u00eda Eugenia Iribarren como fiscal regional del Ministerio P\u00fablico de la Acusaci\u00f3n &#8211; Circuns. Judicial N\u00ba 2 &#8211; Sede en la Ciudad de Rosario.<\/p>\n<p>Id\u00e9ntico respaldo logr\u00f3 Jorge Alberto Nessier como fiscal regional del Ministerio P\u00fablico de la Acusaci\u00f3n &#8211; Circuns. Judicial N\u00ba 1- Sede en la Ciudad de Santa Fe.<\/p>\n<p>En tanto, tambi\u00e9n para el m\u00e1ximo cargo del Servicio P\u00fablico Provincial de la Defensa Penal, su pr\u00f3xima titular, la Dra Estrella Jorgelina Moreno Robinson }como defensora provincial concit\u00f3 id\u00e9ntico nivel de consenso.<\/p>\n<p>Solo dos de los doce pliegos enviados al Poder Legislativo fueron rechazados, hasta las 13 horas se esper\u00f3 alguna reacci\u00f3n del gobierno provincial pero no hubo retiros de \u00faltima hora ante la advertencia de que -en ambos casos- el despacho por la mayor\u00eda en la comisi\u00f3n de Acuerdos de la Asamblea Legislativa se recomendaba ya su rechazo. Y as\u00ed ocurri\u00f3 luego en el pleno con Orlando Toniolo al que el gobernador hab\u00eda seleccionado de la terna de los candidatos a fiscal regional del Ministerio P\u00fablico de la Acusaci\u00f3n &#8211; Circuns. Judicial N\u00ba 5 &#8211; Sede en la Ciudad de Rafaela; y con Dr Gonzalo Javier Armas (Clase 1971 &#8211; MI 21885669) como Defensor Regional del Servicio P\u00fablico Provincial de Defensa Penal de la Provincia de Santa Fe &#8211; Circuns. Judicial N\u00ba 2 &#8211; Sede en la Ciudad de Rosario.<\/p>\n<p>Los votos que rechazaron a Toniolo fueron 40 con solo 13 en su favor (y 10 abstenciones). Los que lo hicieron con Armas, 33 y hubo en cambio 30 respaldos que fueron insuficientes, sin abstenciones. Para los restantes postulantes el aval de la mayor\u00eda fue sin objeciones, m\u00e1s all\u00e1 de algunas abstenciones.<\/p>\n<p>As\u00ed, se consagr\u00f3 a Mat\u00edas Sebasti\u00e1n Merlo como fiscal regional del Ministerio de la Acusaci\u00f3n &#8211; Circuns. Judicial N\u00ba 3 &#8211; Sede en la Ciudad de Venado Tuerto; <strong>Rub\u00e9n Daniel Mart\u00ednez como fiscal regional del Ministerio P\u00fablico de la Acusaci\u00f3n &#8211; Circuns. Judicial N\u00ba 4 &#8211;<\/strong> Sede en la Ciudad de Reconquista; y<strong> Leandro Luis Mai como Auditor General de Gesti\u00f3n del Ministerio P\u00fablico de la Acusaci\u00f3n.<\/strong> En el \u00faltimo caso, varios diputados del justicialismo optaron no votar para mostrar su desacuerdo con su actuaci\u00f3n en un caso de toma de tierras en el norte provincial.<\/p>\n<p>Por otra parte, id\u00e9ntico respaldo un\u00e1nime lleg\u00f3 para Jorge Leandro Mir\u00f3 como defensor regional del Servicio P\u00fablico Provincial de Defensa Penal de la Provincia de Santa Fe &#8211; Circuns. Judicial N\u00ba 1 &#8211; Sede en la Ciudad de Santa Fe; <strong>Dra Mar\u00eda Valeria Lapissonde como defensora regional del Servicio P\u00fablico Provincial de Defensa Penal de la Provincia de Santa Fe &#8211; Circuns. Judicial N\u00ba 4<\/strong> &#8211; Sede en la Ciudad de Reconquista; y Carlos Mar\u00eda Flores Zanella como Defensor Regional del Servicio P\u00fablico Provincial de Defensa Penal de la Provincia de Santa Fe &#8211; Circuns. Judicial N\u00ba 5 &#8211; Sede en la Ciudad de Rafaela.<\/p>\n","protected":false},"excerpt":{"rendered":"<p>Bajo el signo del consenso pol\u00edtico por los nombres elegidos por el gobernador Omar Perotti, la Legislatura santafesina vot\u00f3 los pliegos para renovar la conducci\u00f3n del Ministerio P\u00fablico de la Acusaci\u00f3n y del Servicio P\u00fablico Provincial de la Defensa Penal. M\u00e1s all\u00e1 del dato de que se trata de nuevas autoridades mujeres en ambos institutos [&hellip;]<\/p>\n","protected":false},"author":3,"featured_media":43429,"comment_status":"closed","ping_status":"closed","sticky":false,"template":"","format":"standard","meta":{"_joinchat":[],"footnotes":""},"categories":[60],"tags":[],"class_list":{"0":"post-43428","1":"post","2":"type-post","3":"status-publish","4":"format-standard","5":"has-post-thumbnail","7":"category-provinciales"},"_links":{"self":[{"href":"https:\/\/infovera.com.ar\/web\/wp-json\/wp\/v2\/posts\/43428","targetHints":{"allow":["GET"]}}],"collection":[{"href":"https:\/\/infovera.com.ar\/web\/wp-json\/wp\/v2\/posts"}],"about":[{"href":"https:\/\/infovera.com.ar\/web\/wp-json\/wp\/v2\/types\/post"}],"author":[{"embeddable":true,"href":"https:\/\/infovera.com.ar\/web\/wp-json\/wp\/v2\/users\/3"}],"replies":[{"embeddable":true,"href":"https:\/\/infovera.com.ar\/web\/wp-json\/wp\/v2\/comments?post=43428"}],"version-history":[{"count":0,"href":"https:\/\/infovera.com.ar\/web\/wp-json\/wp\/v2\/posts\/43428\/revisions"}],"wp:featuredmedia":[{"embeddable":true,"href":"https:\/\/infovera.com.ar\/web\/wp-json\/wp\/v2\/media\/43429"}],"wp:attachment":[{"href":"https:\/\/infovera.com.ar\/web\/wp-json\/wp\/v2\/media?parent=43428"}],"wp:term":[{"taxonomy":"category","embeddable":true,"href":"https:\/\/infovera.com.ar\/web\/wp-json\/wp\/v2\/categories?post=43428"},{"taxonomy":"post_tag","embeddable":true,"href":"https:\/\/infovera.com.ar\/web\/wp-json\/wp\/v2\/tags?post=43428"}],"curies":[{"name":"wp","href":"https:\/\/api.w.org\/{rel}","templated":true}]}}