{"id":43425,"date":"2023-04-13T13:28:04","date_gmt":"2023-04-13T16:28:04","guid":{"rendered":"https:\/\/infovera.com.ar\/web\/?p=43425"},"modified":"2023-04-13T13:28:04","modified_gmt":"2023-04-13T16:28:04","slug":"emergencia-agropecuaria-perotti-encabezo-el-lanzamiento-de-nuevas-lineas-de-financiacion-para-productores","status":"publish","type":"post","link":"https:\/\/infovera.com.ar\/web\/2023\/04\/13\/emergencia-agropecuaria-perotti-encabezo-el-lanzamiento-de-nuevas-lineas-de-financiacion-para-productores\/","title":{"rendered":"Emergencia agropecuaria: Perotti encabez\u00f3 el lanzamiento de nuevas l\u00edneas de financiaci\u00f3n para productores"},"content":{"rendered":"<p>El gobernador Omar Perotti encabez\u00f3 este jueves en el Sal\u00f3n Blanco de la Sede de Gobierno de Rosario, el lanzamiento de nuevas l\u00edneas de financiaci\u00f3n para productores, en el marco de la emergencia agropecuaria, con bonificaci\u00f3n de tasas de inter\u00e9s por parte del gobierno provincial, por un total de 8.500 millones de pesos en cr\u00e9ditos.<\/p>\n<p>\u201cTodos tienen conciencia de lo que significa el impacto de la sequ\u00eda en Argentina y particularmente en la provincia de Santa Fe. Estamos sumando un esfuerzo de financiaci\u00f3n para capital de trabajo, para que nuestros productores puedan volver a encarar la futura siembra\u201d, asegur\u00f3 Perotti.<\/p>\n<p>Y detall\u00f3: \u201cAqu\u00ed hay aportes de distintas l\u00edneas; 5.000 millones del Banco de Santa Fe, 3.000 millones adicionales del Banco Naci\u00f3n y 500 millones que suma el movimiento mutualista en la provincia. Estamos bonificando tasas para llegar a tasas negativas, desde el 54 al 59%, con periodos de gracia que van de seis meses a un a\u00f1o, entre 15 y 18 meses, de acuerdo a la instituci\u00f3n para el capital de trabajo en este financiamiento\u201d.<\/p>\n<p>En ese sentido, el mandatario agreg\u00f3: \u201cA esto se suma el trabajo con las asociaciones para el desarrollo, en cada uno de los departamentos, que es donde estamos haciendo las primeras entregas, desde hace 20 d\u00edas, a los productores damnificados; desde los peque\u00f1os productores, con aportes no reintegrables, hasta las instancias de financiamiento que estamos sumando en el d\u00eda de hoy con el aporte de las entidades financieras\u201d.<\/p>\n<p>Por su parte, el ministro de Producci\u00f3n, Ciencia y Tecnolog\u00eda, Daniel Costamagna, remarc\u00f3 que \u201cnos preocupa mucho una situaci\u00f3n que se complejiza, no solo en los compromisos de pago de los insumos de la cosecha, sino en c\u00f3mo recomponer el capital de trabajo para la nueva cosecha\u201d.<\/p>\n<p>Y sum\u00f3: \u201cCon el gobernador conversamos mucho sobre esto, sobre la preocupaci\u00f3n que las actividades se puedan retomar, tanto la siembra de pasturas para la producci\u00f3n lechera y para la producci\u00f3n ganadera, como lo que tiene que ver con la agricultura\u201d.<\/p>\n<p>\u201cTodo esto nos lleva a plantear la necesidad de recomponer el capital de trabajo y por eso hoy estamos haciendo este lanzamiento que tiene un costo para la provincia en materia fiscal de alrededor de 2.000 millones de pesos. A esto quiero sumar la eximici\u00f3n del pago del Impuesto Inmobiliario que, terminado el periodo de emergencia, va a estar alrededor de los 3.000 millones de pesos en condonaci\u00f3n del impuesto\u201d, concluy\u00f3 el funcionario.<\/p>\n<p><strong>NUEVAS LINEAS DE FINANCIAMIENTO<\/strong><\/p>\n<p>Las nuevas l\u00edneas de financiamiento tienen por objetivo asistir a productores agropecuarios para la adquisici\u00f3n de capital de trabajo de cara a la siembra de cultivos de inverno, pasturas y verdeos. Cabe destacar que los mismos deben tener certificado de emergencia o desastre agropecuario para acceder a cualquiera de las l\u00edneas de financiamiento. Mientras que los proveedores de insumos podr\u00e1n complementar la bonificaci\u00f3n de las tasas de inter\u00e9s que realiza el gobierno de la provincia de Santa Fe.<\/p>\n<p>&nbsp;<\/p>\n<p>Las tres l\u00edneas son:<\/p>\n<p>\u25cf L\u00ednea BNA<\/p>\n<p>&gt;&gt; Monto total: 3.000 millones de pesos.<\/p>\n<p>&gt;&gt; Destinatarios: MiPyMEs agropecuarias en estado de emergencia o desastre agropecuario homologado a nivel nacional en el marco de la Ley 26.509.<\/p>\n<p>&gt;&gt; Monto m\u00e1ximo por productor: hasta 3.000.000 de pesos.<\/p>\n<p>&gt;&gt; Plazo: hasta 18 meses, incluidos 12 meses de gracia.<\/p>\n<p>&gt;&gt; Destino: Capital de Trabajo para financiar la continuidad de la producci\u00f3n.<\/p>\n<p>&gt;&gt; Bonificaci\u00f3n de tasa a cargo de la provincia: 5 pp<\/p>\n<p>&gt;&gt; Tasa final para el productor: 59,5 %<\/p>\n<p>&nbsp;<\/p>\n<p>\u25cf L\u00ednea BSF<\/p>\n<p>&gt;&gt; Monto total: 5.000 millones de pesos<\/p>\n<p>&gt;&gt; Destinatarios: MiPyMEs agropecuarias en estado de emergencia o desastre agropecuario homologado a nivel nacional en el marco de la Ley 26.509.<\/p>\n<p>&gt;&gt; Monto m\u00e1ximo por productor: hasta 3.000.000 de pesos.<\/p>\n<p>&gt;&gt; Plazo: hasta 18 meses, incluidos 6 meses de gracia.<\/p>\n<p>&gt;&gt; Destino: Capital de Trabajo para financiar la continuidad de la producci\u00f3n.<\/p>\n<p>&gt;&gt; Bonificaci\u00f3n de tasa a cargo de la provincia: 15 pp<\/p>\n<p>&gt;&gt; Tasa final para el productor: 54,5%<\/p>\n<p>&nbsp;<\/p>\n<p>\u25cf L\u00ednea Mutuales<\/p>\n<p>&gt;&gt; Monto total: 500 millones de pesos.<\/p>\n<p>&gt;&gt; Destinatarios: MiPyMEs agropecuarias en estado de emergencia o desastre<\/p>\n<p>agropecuario homologado a nivel nacional en el marco de la Ley 26.509.<\/p>\n<p>&gt;&gt; Monto m\u00e1ximo por productor: hasta 1.000.000 de pesos<\/p>\n<p>&gt;&gt; Plazo: hasta 15 meses, incluidos 3 meses de gracia.<\/p>\n<p>&gt;&gt; Destino: Capital de Trabajo para financiar la continuidad de la producci\u00f3n.<\/p>\n<p>&gt;&gt; Bonificaci\u00f3n de tasa a cargo de la provincia: 20 pp<\/p>\n<p>&gt;&gt; Tasa final para el productor: 59%<\/p>\n<p>&nbsp;<\/p>\n<p>&nbsp;<\/p>\n<p><strong>ACCIONES PARA ENFRENTAR LA SEQU\u00cdA<\/strong><\/p>\n<p>Como consecuencia de la sequ\u00eda y las altas temperaturas, la producci\u00f3n estuvo afectada en todo el territorio provincial. Para paliar sus consecuencias, el gobierno de Santa Fe, a trav\u00e9s del Ministerio de Producci\u00f3n, lleva adelante distintas acciones de acompa\u00f1amiento al sector agropecuario.<\/p>\n<p>En primer lugar, se prorrog\u00f3 la Emergencia Agropecuaria, por recomendaci\u00f3n de la Comisi\u00f3n Provincial de Emergencia Agropecuaria, hasta el 30 de septiembre. Tambi\u00e9n se extendi\u00f3 la fecha l\u00edmite para la presentaci\u00f3n de declaraciones juradas de da\u00f1os para obtener los certificados de emergencia o desastre agropecuario hasta el 30 de junio pr\u00f3ximo.<\/p>\n<p>Adem\u00e1s, como pol\u00edtica a largo plazo, se envi\u00f3 a la Legislatura el proyecto de ley para crear el \u201cSistema provincial de gesti\u00f3n integral de riesgos de emergencias y desastres agropecuarios\u201d, para reemplazar a la actual ley de emergencia, que solo contempla beneficios directos para los titulares de la tierra, ya que hoy el 70% de la actividad se hace sobre tierras arrendadas.<\/p>\n<p>En el mismo sentido, el gobierno contin\u00faa asistiendo a peque\u00f1os y medianos productores con entregas de aportes no reintegrables para la compra de alimentos, acarreo de agua y para la limpieza de represas, se entregaron tanques cisterna a comunas y municipios en el norte provincial. Y, a trav\u00e9s de asociaciones y agencias para el desarrollo se est\u00e1n otorgando cr\u00e9ditos sin inter\u00e9s para la recomposici\u00f3n del capital de trabajo afectado.<\/p>\n<p>&nbsp;<\/p>\n<p>&nbsp;<\/p>\n<p><strong>CONVENIOS<\/strong><\/p>\n<p>Durante el acto se firmaron convenios donde se detallan las l\u00edneas de financiamiento con el Banco de la Naci\u00f3n Argentina, el Banco Santa Fe y diferentes mutuales por un monto total de 8.500 millones de pesos. Esto implica un importante esfuerzo de la provincia en la bonificaci\u00f3n para alcanzar tasas de inter\u00e9s competitivas. Asimismo, se trabajar\u00e1 con distintas entidades financieras con el objetivo de facilitar el acceso a los cr\u00e9ditos a todos los productores.<\/p>\n<p>&nbsp;<\/p>\n<p>&nbsp;<\/p>\n<p><strong>PRESENTES<\/strong><\/p>\n<p>De la actividad participaron tambi\u00e9n las siguientes autoridades provinciales: la secretaria de Administraci\u00f3n, Melina Gavatorta; la secretaria de Agroalimentos, Mar\u00eda Eugenia Carrizo; y el director provincial de Econom\u00eda Social, Emprendedurismo y Agricultura Familiar, Guillermo Tavernier. Adem\u00e1s, asistieron referentes de entidades intermedias representantes del sector.<\/p>\n","protected":false},"excerpt":{"rendered":"<p>El gobernador Omar Perotti encabez\u00f3 este jueves en el Sal\u00f3n Blanco de la Sede de Gobierno de Rosario, el lanzamiento de nuevas l\u00edneas de financiaci\u00f3n para productores, en el marco de la emergencia agropecuaria, con bonificaci\u00f3n de tasas de inter\u00e9s por parte del gobierno provincial, por un total de 8.500 millones de pesos en cr\u00e9ditos. [&hellip;]<\/p>\n","protected":false},"author":3,"featured_media":43426,"comment_status":"closed","ping_status":"closed","sticky":false,"template":"","format":"standard","meta":{"_joinchat":[],"footnotes":""},"categories":[60],"tags":[],"class_list":{"0":"post-43425","1":"post","2":"type-post","3":"status-publish","4":"format-standard","5":"has-post-thumbnail","7":"category-provinciales"},"_links":{"self":[{"href":"https:\/\/infovera.com.ar\/web\/wp-json\/wp\/v2\/posts\/43425","targetHints":{"allow":["GET"]}}],"collection":[{"href":"https:\/\/infovera.com.ar\/web\/wp-json\/wp\/v2\/posts"}],"about":[{"href":"https:\/\/infovera.com.ar\/web\/wp-json\/wp\/v2\/types\/post"}],"author":[{"embeddable":true,"href":"https:\/\/infovera.com.ar\/web\/wp-json\/wp\/v2\/users\/3"}],"replies":[{"embeddable":true,"href":"https:\/\/infovera.com.ar\/web\/wp-json\/wp\/v2\/comments?post=43425"}],"version-history":[{"count":0,"href":"https:\/\/infovera.com.ar\/web\/wp-json\/wp\/v2\/posts\/43425\/revisions"}],"wp:featuredmedia":[{"embeddable":true,"href":"https:\/\/infovera.com.ar\/web\/wp-json\/wp\/v2\/media\/43426"}],"wp:attachment":[{"href":"https:\/\/infovera.com.ar\/web\/wp-json\/wp\/v2\/media?parent=43425"}],"wp:term":[{"taxonomy":"category","embeddable":true,"href":"https:\/\/infovera.com.ar\/web\/wp-json\/wp\/v2\/categories?post=43425"},{"taxonomy":"post_tag","embeddable":true,"href":"https:\/\/infovera.com.ar\/web\/wp-json\/wp\/v2\/tags?post=43425"}],"curies":[{"name":"wp","href":"https:\/\/api.w.org\/{rel}","templated":true}]}}