{"id":43400,"date":"2023-04-11T13:31:31","date_gmt":"2023-04-11T16:31:31","guid":{"rendered":"https:\/\/infovera.com.ar\/web\/?p=43400"},"modified":"2023-04-11T13:31:31","modified_gmt":"2023-04-11T16:31:31","slug":"relato-salvaje-quiso-cobrar-una-deuda-a-las-pinas-volco-con-su-camioneta-e-intento-arrebatarle-el-arma-a-un-policia","status":"publish","type":"post","link":"https:\/\/infovera.com.ar\/web\/2023\/04\/11\/relato-salvaje-quiso-cobrar-una-deuda-a-las-pinas-volco-con-su-camioneta-e-intento-arrebatarle-el-arma-a-un-policia\/","title":{"rendered":"Relato salvaje: quiso cobrar una deuda a las pi\u00f1as, volc\u00f3 con su camioneta e intent\u00f3 arrebatarle el arma a un polic\u00eda"},"content":{"rendered":"<div class=\"custom-text text-content styles_paragraph-detail__iq2ji styles_lila-links__fmg8W styles_note-styles__iXm81\">\n<p>En la jornada del lunes, un llamativo suceso policial alter\u00f3 la calma habitual de la ciudad costera del norte del departamento San Javier.<\/p>\n<\/div>\n<div class=\"custom-text text-content styles_paragraph-detail__iq2ji styles_lila-links__fmg8W styles_note-styles__iXm81\">\n<p>Un chaque\u00f1o, identificado como J.N.G, arrib\u00f3 desde la provincia vecina a bordo de su camioneta y se aperson\u00f3 en un domicilio particular de la localidad. Una vez all\u00ed, bajo amenazas y a los gritos intim\u00f3 al due\u00f1o de casa por el pago de dinero en efectivo. Sum\u00f3 a su ataque fuertes patadas a la puerta de la vivienda, para luego propinarle golpes de pu\u00f1o al hombre a quien se\u00f1alaba como deudor.<\/p>\n<\/div>\n<div class=\"custom-text text-content styles_paragraph-detail__iq2ji styles_lila-links__fmg8W styles_note-styles__iXm81\">\n<p>Una vez perpetrada la agresi\u00f3n, se retir\u00f3 del lugar en su veh\u00edculo. Pero, en intersecci\u00f3n de calles G. Stirnemann y Arturo Illia volc\u00f3 la pick up que conduc\u00eda, sin la intervenci\u00f3n de terceros.<\/p>\n<\/div>\n<div class=\"custom-text text-content styles_paragraph-detail__iq2ji styles_lila-links__fmg8W styles_note-styles__iXm81\">\n<p>A esa altura, numerarios policiales de la Comisar\u00eda Segunda arribaron al lugar del siniestro y detectaron que se encontraba en aparente estado de ebriedad y de evidente alteraci\u00f3n nerviosa, al punto que intent\u00f3 arrebatarle el arma a uno de los polic\u00edas sin llegar a lograr su cometido.<\/p>\n<\/div>\n<div class=\"styles_article-image-epi__3jf7y\"><picture><img loading=\"lazy\" decoding=\"async\" class=\"styles_cover-image__jSsJM\" src=\"https:\/\/www.ellitoral.com\/cdn-cgi\/image\/format=auto\/https:\/\/www.ellitoral.com\/images\/2023\/04\/11\/_g9ynmg-9_870x580__1.jpg\" alt=\"Un m\u00e9dico le constat\u00f3 lesiones leves y ebriedad al protagonista del relato salvaje.\" width=\"870\" height=\"580\" \/><\/picture>Un m\u00e9dico le constat\u00f3 lesiones leves y ebriedad al protagonista del relato salvaje.<\/p>\n<hr \/>\n<\/div>\n<div class=\"custom-text text-content styles_paragraph-detail__iq2ji styles_lila-links__fmg8W styles_note-styles__iXm81\">\n<p>De inmediato, fue aprehendido y puesto a resguardo. Luego, un m\u00e9dico le constat\u00f3 lesiones leves y ebriedad.<\/p>\n<\/div>\n<div class=\"custom-text text-content styles_paragraph-detail__iq2ji styles_lila-links__fmg8W styles_note-styles__iXm81\">\n<p>El parte policial sobre el hecho dio cuenta que en el nosocomio local, donde fue atendido, una mujer denunci\u00f3 ante los integrantes de la fuerza de seguridad que antes del vuelco y la aprehensi\u00f3n el individuo en cuesti\u00f3n hab\u00eda impactado con su camioneta a sus sobrinos, a quienes les provoc\u00f3 lesiones leves.<\/p>\n<\/div>\n<div class=\"custom-text text-content styles_paragraph-detail__iq2ji styles_lila-links__fmg8W styles_note-styles__iXm81\">\n<p>El caso qued\u00f3 bajo la \u00f3rbita de la Unidad Fiscal Reconquista del MPA caratulado como amenazas, resistencia a la autoridad, da\u00f1os y lesiones leves.<\/p>\n<\/div>\n","protected":false},"excerpt":{"rendered":"<p>En la jornada del lunes, un llamativo suceso policial alter\u00f3 la calma habitual de la ciudad costera del norte del departamento San Javier. Un chaque\u00f1o, identificado como J.N.G, arrib\u00f3 desde la provincia vecina a bordo de su camioneta y se aperson\u00f3 en un domicilio particular de la localidad. Una vez all\u00ed, bajo amenazas y a [&hellip;]<\/p>\n","protected":false},"author":3,"featured_media":43401,"comment_status":"closed","ping_status":"closed","sticky":false,"template":"","format":"standard","meta":{"_joinchat":[],"footnotes":""},"categories":[51],"tags":[],"class_list":{"0":"post-43400","1":"post","2":"type-post","3":"status-publish","4":"format-standard","5":"has-post-thumbnail","7":"category-locales"},"_links":{"self":[{"href":"https:\/\/infovera.com.ar\/web\/wp-json\/wp\/v2\/posts\/43400","targetHints":{"allow":["GET"]}}],"collection":[{"href":"https:\/\/infovera.com.ar\/web\/wp-json\/wp\/v2\/posts"}],"about":[{"href":"https:\/\/infovera.com.ar\/web\/wp-json\/wp\/v2\/types\/post"}],"author":[{"embeddable":true,"href":"https:\/\/infovera.com.ar\/web\/wp-json\/wp\/v2\/users\/3"}],"replies":[{"embeddable":true,"href":"https:\/\/infovera.com.ar\/web\/wp-json\/wp\/v2\/comments?post=43400"}],"version-history":[{"count":0,"href":"https:\/\/infovera.com.ar\/web\/wp-json\/wp\/v2\/posts\/43400\/revisions"}],"wp:featuredmedia":[{"embeddable":true,"href":"https:\/\/infovera.com.ar\/web\/wp-json\/wp\/v2\/media\/43401"}],"wp:attachment":[{"href":"https:\/\/infovera.com.ar\/web\/wp-json\/wp\/v2\/media?parent=43400"}],"wp:term":[{"taxonomy":"category","embeddable":true,"href":"https:\/\/infovera.com.ar\/web\/wp-json\/wp\/v2\/categories?post=43400"},{"taxonomy":"post_tag","embeddable":true,"href":"https:\/\/infovera.com.ar\/web\/wp-json\/wp\/v2\/tags?post=43400"}],"curies":[{"name":"wp","href":"https:\/\/api.w.org\/{rel}","templated":true}]}}