{"id":43398,"date":"2023-04-11T10:00:45","date_gmt":"2023-04-11T13:00:45","guid":{"rendered":"https:\/\/infovera.com.ar\/web\/?p=43398"},"modified":"2023-04-17T21:20:53","modified_gmt":"2023-04-18T00:20:53","slug":"monsenor-macin-dispuso-nombramientos-y-cambios-en-parroquias-de-la-diocesis","status":"publish","type":"post","link":"https:\/\/infovera.com.ar\/web\/2023\/04\/11\/monsenor-macin-dispuso-nombramientos-y-cambios-en-parroquias-de-la-diocesis\/","title":{"rendered":"Monse\u00f1or Mac\u00edn dispuso nombramientos y cambios en parroquias de la di\u00f3cesis"},"content":{"rendered":"<p><strong>El obispo de Reconquista indic\u00f3 que &#8220;luego de un prolongado proceso de discernimiento, que incluy\u00f3 oraci\u00f3n y di\u00e1logo con los sacerdotes y di\u00e1conos,<\/strong> y consultas a diferentes miembros del Pueblo de Dios, y para reorganizar el servicio del ministerio ordenado en la di\u00f3cesis, en uso de mis facultades apost\u00f3licas, he decidido los siguientes nombramientos y cambios, que nos permitan, en estos pr\u00f3ximos tiempos, caminar sinodalmente con mayor protagonismo y corresponsabilidad de todos&#8221;.<\/p>\n<p><strong>Nombramientos:<\/strong><\/p>\n<p>Jorge Juli\u00e1n Gallard, p\u00e1rroco de la Pquia. Ntra. Sra. de Guadalupe de Intiyaco.<\/p>\n<p>Omar Abel Faccioli, P\u00e1rroco de la Pquia. \u201cLa Encarnaci\u00f3n del Se\u00f1or\u201d con sede en La Sarita.<\/p>\n<p>Silvio Orlando Fabbro, P\u00e1rroco de la Pquia. Inmaculada Concepci\u00f3n de Reconquista y Rector de la Iglesia Catedral.<\/p>\n<p>Jorge Luis Duarte Paz, P\u00e1rroco de la Pquia. San Roque de Margarita.<\/p>\n<p>Diego Luciano Carneiro, P\u00e1rroco de la Pquia. Ntra. Sra. de Itat\u00ed de Fort\u00edn Olmos, y Capell\u00e1n de la UCSF.<\/p>\n<p>Luciano Sebasti\u00e1n Molina, P\u00e1rroco de la Pquia. Ntra. Sra. del Huerto de Malabrigo y Referente para la Pquia. Sagrado Coraz\u00f3n de Jes\u00fas de La Gallareta.<\/p>\n<p>Gustavo Armando Braidot, P\u00e1rroco de la Pquia. Ntra. Sra. del Rosario de Lanteri.<\/p>\n<p>Sergio Fabi\u00e1n Vicent\u00edn, P\u00e1rroco de la Pquia. Sagrado Coraz\u00f3n de Jes\u00fas de Romang, continuando como Capell\u00e1n del Hospital Regional de Reconquista.<\/p>\n<p>Eduardo Fabi\u00e1n Ramos, P\u00e1rroco de la Pquia. Sagrado Coraz\u00f3n de Jes\u00fas de Villa Ana, y Vicario Parroquial de la Pquia. Ntra. Sra. de la Merced de Avellaneda.<\/p>\n<p>Nicol\u00e1s Mart\u00edn Lastra, Vicario Parroquial de la Pquia. Inmaculada Concepci\u00f3n de Reconquista.<\/p>\n<p>Giancarlo Maistrello, Colaborador Parroquial de la Pquia. Inmaculada Concepci\u00f3n de Villa Ocampo.<\/p>\n<p>Di\u00e1c. Jorge Osvaldo Rosatti, Di\u00e1cono Adscripto a la Pquia. Sagrado Coraz\u00f3n de Jes\u00fas de La Gallareta y \u201cAnimador Pastoral\u201d de esa comunidad.<\/p>\n<p>Carlos Morales Perman, Colaborador Pastoral de la Pquia. Inmaculada Concepci\u00f3n de Villa Ocampo (proveniente de la Di\u00f3cesis de Lomas de Zamora, pocos meses atr\u00e1s se ha instalado en nuestra territorio diocesano).<\/p>\n<p>Tambi\u00e9n comunic\u00f3 que ha otorgado el permiso para que el P. Juan Sebasti\u00e1n Splawinski realice una experiencia pastoral en la Arquidi\u00f3cesis de Denver, USA, por el per\u00edodo de dos a\u00f1os.<\/p>\n<p>En cuanto a los seminaristas que han comenzado el \u00faltimo a\u00f1o de formaci\u00f3n inicial en el seminario, con r\u00e9gimen de alternancia, inform\u00f3 que tendr\u00e1n los siguientes destinos:<\/p>\n<p>David Emanuel Herman en Pquia. Mar\u00eda, Madre de Dios; Federico Muchiut en Pquia. Ntra. Sra. de la Merced de Avellaneda; Gast\u00f3n Adri\u00e1n Sancho en la Pquia. Ntra. Sra. del Huerto de Malabrigo; y N\u00e9stor Fabi\u00e1n Mart\u00ednez en la Pquia. San Roque de Margarita.<\/p>\n<p>Por su parte, en la alternancia de medio tiempo, el seminarista Ivan Pigh\u00edn ha sido destinado a la Pquia. San Juan Bautista de Vera.<\/p>\n<p>Las fechas y horarios de inicio del nuevo ministerio pastoral de los sacerdotes y di\u00e1conos se dar\u00e1n a conocer en breve, de acuerdo a las circunstancias de cada comunidad, concluy\u00f3 el titular de di\u00f3cesis norte\u00f1a.<\/p>\n","protected":false},"excerpt":{"rendered":"<p>El obispo de Reconquista indic\u00f3 que &#8220;luego de un prolongado proceso de discernimiento, que incluy\u00f3 oraci\u00f3n y di\u00e1logo con los sacerdotes y di\u00e1conos, y consultas a diferentes miembros del Pueblo de Dios, y para reorganizar el servicio del ministerio ordenado en la di\u00f3cesis, en uso de mis facultades apost\u00f3licas, he decidido los siguientes nombramientos y [&hellip;]<\/p>\n","protected":false},"author":3,"featured_media":41841,"comment_status":"closed","ping_status":"closed","sticky":false,"template":"","format":"standard","meta":{"_joinchat":[],"footnotes":""},"categories":[55],"tags":[],"class_list":{"0":"post-43398","1":"post","2":"type-post","3":"status-publish","4":"format-standard","5":"has-post-thumbnail","7":"category-reconquista"},"_links":{"self":[{"href":"https:\/\/infovera.com.ar\/web\/wp-json\/wp\/v2\/posts\/43398","targetHints":{"allow":["GET"]}}],"collection":[{"href":"https:\/\/infovera.com.ar\/web\/wp-json\/wp\/v2\/posts"}],"about":[{"href":"https:\/\/infovera.com.ar\/web\/wp-json\/wp\/v2\/types\/post"}],"author":[{"embeddable":true,"href":"https:\/\/infovera.com.ar\/web\/wp-json\/wp\/v2\/users\/3"}],"replies":[{"embeddable":true,"href":"https:\/\/infovera.com.ar\/web\/wp-json\/wp\/v2\/comments?post=43398"}],"version-history":[{"count":0,"href":"https:\/\/infovera.com.ar\/web\/wp-json\/wp\/v2\/posts\/43398\/revisions"}],"wp:featuredmedia":[{"embeddable":true,"href":"https:\/\/infovera.com.ar\/web\/wp-json\/wp\/v2\/media\/41841"}],"wp:attachment":[{"href":"https:\/\/infovera.com.ar\/web\/wp-json\/wp\/v2\/media?parent=43398"}],"wp:term":[{"taxonomy":"category","embeddable":true,"href":"https:\/\/infovera.com.ar\/web\/wp-json\/wp\/v2\/categories?post=43398"},{"taxonomy":"post_tag","embeddable":true,"href":"https:\/\/infovera.com.ar\/web\/wp-json\/wp\/v2\/tags?post=43398"}],"curies":[{"name":"wp","href":"https:\/\/api.w.org\/{rel}","templated":true}]}}