{"id":43390,"date":"2023-04-10T19:32:04","date_gmt":"2023-04-10T22:32:04","guid":{"rendered":"https:\/\/infovera.com.ar\/web\/?p=43390"},"modified":"2023-04-10T19:33:03","modified_gmt":"2023-04-10T22:33:03","slug":"reunion-por-temas-estrategicos-para-vera","status":"publish","type":"post","link":"https:\/\/infovera.com.ar\/web\/2023\/04\/10\/reunion-por-temas-estrategicos-para-vera\/","title":{"rendered":"Reuni\u00f3n por temas estrat\u00e9gicos para Vera"},"content":{"rendered":"<p><strong>La intendente Paula Mitre y el senador provincial Osvaldo Sosa, mantuvieron una extensa reuni\u00f3n en la cual delinearon los cursos de acci\u00f3n para avanzar en dos temas<\/strong> en los cuales ambos coinciden como centrales en la agenda Institucional y pol\u00edtica de la ciudad de Vera; como lo son los profesionales de la salud para la Unidad de Terapia Intensiva del Hospital Regional de Vera, con sus obras complementarias de pavimento para calle Soldado G\u00f3mez, entre Lisandro de la Torre y Col\u00f3n; adem\u00e1s de las gestiones referidas al futuro funcionamiento del Distrito Productivo e Industrial de Vera.<\/p>\n<p>El senador Osvaldo Sosa expres\u00f3 que \u201cen com\u00fan acuerdo con la intendente hemos coincidido que los temas que motivaron el encuentro, deben ubicarse en el marco de las Pol\u00edticas de Estado de Vera y el departamento; ya que tanto la salud p\u00fablica, con la puesta en marcha de la UTI beneficiaria a todo el territorio departamental y regiones perif\u00e9ricas, a lo que hay que sumar la posibilidad cierta de contar con un Centro Productivo e Industrial en Vera que permitir\u00e1 un flujo de ida y vuelta con la econom\u00eda regional\u201d.<\/p>\n<p>Por su parte, Mitre se\u00f1al\u00f3 que \u201cnuestra ciudad contar\u00e1 con una Unidad de Terapia Intensiva que fue producto de una tarea en com\u00fan entre los dirigentes y la comunidad toda, lo hicimos unidos y hoy seguiremos trabajando en ese camino para llevar adelante las acciones que nos permitan contar con los profesionales y la tecnolog\u00eda necesaria para que el servicio de Terapia Intensiva sea un servicio eficiente y de jerarqu\u00eda\u201d.<\/p>\n<p>Coincidiendo tambi\u00e9n en \u201caunar los esfuerzos en las gestiones institucionales y pol\u00edticas que fueren necesarias con el fin de poner en marcha el futuro Distrito Productivo e Industrial de Vera\u201d.<\/p>\n<p>Letyana Press<\/p>\n","protected":false},"excerpt":{"rendered":"<p>La intendente Paula Mitre y el senador provincial Osvaldo Sosa, mantuvieron una extensa reuni\u00f3n en la cual delinearon los cursos de acci\u00f3n para avanzar en dos temas en los cuales ambos coinciden como centrales en la agenda Institucional y pol\u00edtica de la ciudad de Vera; como lo son los profesionales de la salud para la [&hellip;]<\/p>\n","protected":false},"author":3,"featured_media":43393,"comment_status":"closed","ping_status":"closed","sticky":false,"template":"","format":"standard","meta":{"_joinchat":[],"footnotes":""},"categories":[56],"tags":[],"class_list":{"0":"post-43390","1":"post","2":"type-post","3":"status-publish","4":"format-standard","5":"has-post-thumbnail","7":"category-destacados"},"_links":{"self":[{"href":"https:\/\/infovera.com.ar\/web\/wp-json\/wp\/v2\/posts\/43390","targetHints":{"allow":["GET"]}}],"collection":[{"href":"https:\/\/infovera.com.ar\/web\/wp-json\/wp\/v2\/posts"}],"about":[{"href":"https:\/\/infovera.com.ar\/web\/wp-json\/wp\/v2\/types\/post"}],"author":[{"embeddable":true,"href":"https:\/\/infovera.com.ar\/web\/wp-json\/wp\/v2\/users\/3"}],"replies":[{"embeddable":true,"href":"https:\/\/infovera.com.ar\/web\/wp-json\/wp\/v2\/comments?post=43390"}],"version-history":[{"count":0,"href":"https:\/\/infovera.com.ar\/web\/wp-json\/wp\/v2\/posts\/43390\/revisions"}],"wp:featuredmedia":[{"embeddable":true,"href":"https:\/\/infovera.com.ar\/web\/wp-json\/wp\/v2\/media\/43393"}],"wp:attachment":[{"href":"https:\/\/infovera.com.ar\/web\/wp-json\/wp\/v2\/media?parent=43390"}],"wp:term":[{"taxonomy":"category","embeddable":true,"href":"https:\/\/infovera.com.ar\/web\/wp-json\/wp\/v2\/categories?post=43390"},{"taxonomy":"post_tag","embeddable":true,"href":"https:\/\/infovera.com.ar\/web\/wp-json\/wp\/v2\/tags?post=43390"}],"curies":[{"name":"wp","href":"https:\/\/api.w.org\/{rel}","templated":true}]}}