{"id":43319,"date":"2023-04-02T17:12:56","date_gmt":"2023-04-02T20:12:56","guid":{"rendered":"https:\/\/infovera.com.ar\/web\/?p=43319"},"modified":"2023-04-03T17:14:57","modified_gmt":"2023-04-03T20:14:57","slug":"el-frente-renovador-de-cachi-martinez-se-moviliza","status":"publish","type":"post","link":"https:\/\/infovera.com.ar\/web\/2023\/04\/02\/el-frente-renovador-de-cachi-martinez-se-moviliza\/","title":{"rendered":"El Frente Renovador de Cachi Martinez se moviliza"},"content":{"rendered":"<p>Se realiz\u00f3 un Plenario del Frente Renovador en la localidad de Sauce Viejo.<\/p>\n<p>Unos cien dirigentes de toda la provincia de Santa Fe se reunieron en la localidad de Sauce Viejo.<\/p>\n<p>El Plenario del Frente Renovador, convocados por el L\u00edder del espacio, Oscar Cachi Mart\u00ednez.<\/p>\n<p>Se habl\u00f3 de todos los temas, esencialmente, de la situaci\u00f3n econ\u00f3mica en el Pa\u00eds y en la provincia de Santa Fe. La inflaci\u00f3n, la inseguridad, entre otros temas.<\/p>\n<p>Este sector, respalda desde siempre al Conductor, el actual Ministtro de Econom\u00eda de la Naci\u00f3n, Sergio Massa.<\/p>\n<p>Entre otros, se encontraban presentes, el Diputado Provincial Luis Rubeo (h), Mario Papaleo, Intendente de Sauce Viejo, Germ\u00e1n Kahlov, responsable de V\u00edas Navegables en la Naci\u00f3n, Presidentes Comunales, concejales, profesionales y dirigentes en general.<\/p>\n<p>Desde el Frente Renovador, est\u00e1n esperando reunirse con Sergio Massa en los pr\u00f3ximos d\u00edas, para definir la estrategia que representara a todo el territorio santafesino.<\/p>\n","protected":false},"excerpt":{"rendered":"<p>Se realiz\u00f3 un Plenario del Frente Renovador en la localidad de Sauce Viejo. Unos cien dirigentes de toda la provincia de Santa Fe se reunieron en la localidad de Sauce Viejo. El Plenario del Frente Renovador, convocados por el L\u00edder del espacio, Oscar Cachi Mart\u00ednez. Se habl\u00f3 de todos los temas, esencialmente, de la situaci\u00f3n [&hellip;]<\/p>\n","protected":false},"author":3,"featured_media":43320,"comment_status":"closed","ping_status":"closed","sticky":false,"template":"","format":"standard","meta":{"_joinchat":[],"footnotes":""},"categories":[66],"tags":[],"class_list":{"0":"post-43319","1":"post","2":"type-post","3":"status-publish","4":"format-standard","5":"has-post-thumbnail","7":"category-politica"},"_links":{"self":[{"href":"https:\/\/infovera.com.ar\/web\/wp-json\/wp\/v2\/posts\/43319","targetHints":{"allow":["GET"]}}],"collection":[{"href":"https:\/\/infovera.com.ar\/web\/wp-json\/wp\/v2\/posts"}],"about":[{"href":"https:\/\/infovera.com.ar\/web\/wp-json\/wp\/v2\/types\/post"}],"author":[{"embeddable":true,"href":"https:\/\/infovera.com.ar\/web\/wp-json\/wp\/v2\/users\/3"}],"replies":[{"embeddable":true,"href":"https:\/\/infovera.com.ar\/web\/wp-json\/wp\/v2\/comments?post=43319"}],"version-history":[{"count":0,"href":"https:\/\/infovera.com.ar\/web\/wp-json\/wp\/v2\/posts\/43319\/revisions"}],"wp:featuredmedia":[{"embeddable":true,"href":"https:\/\/infovera.com.ar\/web\/wp-json\/wp\/v2\/media\/43320"}],"wp:attachment":[{"href":"https:\/\/infovera.com.ar\/web\/wp-json\/wp\/v2\/media?parent=43319"}],"wp:term":[{"taxonomy":"category","embeddable":true,"href":"https:\/\/infovera.com.ar\/web\/wp-json\/wp\/v2\/categories?post=43319"},{"taxonomy":"post_tag","embeddable":true,"href":"https:\/\/infovera.com.ar\/web\/wp-json\/wp\/v2\/tags?post=43319"}],"curies":[{"name":"wp","href":"https:\/\/api.w.org\/{rel}","templated":true}]}}