{"id":43285,"date":"2023-04-02T10:06:11","date_gmt":"2023-04-02T13:06:11","guid":{"rendered":"https:\/\/infovera.com.ar\/web\/?p=43285"},"modified":"2023-04-05T10:55:20","modified_gmt":"2023-04-05T13:55:20","slug":"paula-mitre-este-protagonismo-a-vera-le-hace-muy-bien","status":"publish","type":"post","link":"https:\/\/infovera.com.ar\/web\/2023\/04\/02\/paula-mitre-este-protagonismo-a-vera-le-hace-muy-bien\/","title":{"rendered":"Paula Mitre: &#8220;Este protagonismo a Vera le hace muy bien&#8221;"},"content":{"rendered":"<p><strong>Las ciudad fue sede de un multitudinario encuentro de Juntos por el Cambio. Los principales referentes del espacio se reunieron con la mirada centrada en la producci\u00f3n del norte provincial. Hubo panel de expositores y pedidos para sostener la actividad agroganadera en la regi\u00f3n.<\/strong><\/p>\n<p>El sal\u00f3n de eventos del club Ferrocarril qued\u00f3 chico ante la masiva asistencia de dirigentes y militantes de Juntos por el Cambio. Repleto por alrededor de 600 almas, el local alberg\u00f3 la reuni\u00f3n provincial del \u201cfrente de frentes\u201d, en lo que configur\u00f3 el primer cap\u00edtulo de una serie de encuentros donde se escuchar\u00e1 a diferentes actores del territorio en temas de inter\u00e9s estrat\u00e9gico para conformar una propuesta de gobierno.<\/p>\n<p>La intendente anfitriona Paula Mitre fue la encargada de dar la bienvenida a los presentes con un discurso en el que ensalz\u00f3 las potencialidades del norte.<\/p>\n<p>\u201cNos representa un gran orgullo poder tener este privilegio porque este protagonismo a Vera le hace muy bien. Quiero agradecerles a los dirigentes por esta posibilidad. Esperamos que sea una jornada donde podamos enriquecernos desde las experiencias, en la cual podamos comprender los problemas reales del norte y sus potencialidades\u201d, expres\u00f3 el comienzo de su alocuci\u00f3n.<\/p>\n<p>En este norte que \u201ctanto, tanto, tanto tiene para ofrecer, no solamente a la provincia sino al pa\u00eds, desde la producci\u00f3n, desde los servicios, la riqueza, los recursos que tenemos, los productos primarios, pero tambi\u00e9n el agregado de valor, la posibilidad de producir prote\u00ednas, carne y alimento para el mundo\u201d, para satisfacer las demandas que exige el desarrollo tradicional del presente y del futuro, a\u00f1adi\u00f3.<\/p>\n<p>Frente al auditorio, Mitre reflexion\u00f3: \u201cTodos nosotros tenemos la confianza del electorado que nos dio, confi\u00f3, un lugar para tomar decisiones. Desde ese lugar tenemos que aportar propuestas, pero tambi\u00e9n soluciones a las distintas demandas, a los distintos reclamos de nuestra comunidad. Por eso estos encuentros son tan importantes, porque fortalecen el di\u00e1logo, porque surgen nuevas ideas y porque tambi\u00e9n fortalecen acciones transformadoras que nuestro norte necesita\u201d.<\/p>\n<p>Ello, porque \u201ctiene un potencial que a\u00fan nadie se anima a decir hasta donde podemos llegar. Entonces, ah\u00ed es donde tiene que estar el compromiso colectivo de cada uno de nosotros\u201d, cerr\u00f3.<\/p>\n","protected":false},"excerpt":{"rendered":"<p>Las ciudad fue sede de un multitudinario encuentro de Juntos por el Cambio. Los principales referentes del espacio se reunieron con la mirada centrada en la producci\u00f3n del norte provincial. Hubo panel de expositores y pedidos para sostener la actividad agroganadera en la regi\u00f3n. El sal\u00f3n de eventos del club Ferrocarril qued\u00f3 chico ante la [&hellip;]<\/p>\n","protected":false},"author":3,"featured_media":43286,"comment_status":"closed","ping_status":"closed","sticky":false,"template":"","format":"standard","meta":{"_joinchat":[],"footnotes":""},"categories":[53],"tags":[],"class_list":{"0":"post-43285","1":"post","2":"type-post","3":"status-publish","4":"format-standard","5":"has-post-thumbnail","7":"category-vera"},"_links":{"self":[{"href":"https:\/\/infovera.com.ar\/web\/wp-json\/wp\/v2\/posts\/43285","targetHints":{"allow":["GET"]}}],"collection":[{"href":"https:\/\/infovera.com.ar\/web\/wp-json\/wp\/v2\/posts"}],"about":[{"href":"https:\/\/infovera.com.ar\/web\/wp-json\/wp\/v2\/types\/post"}],"author":[{"embeddable":true,"href":"https:\/\/infovera.com.ar\/web\/wp-json\/wp\/v2\/users\/3"}],"replies":[{"embeddable":true,"href":"https:\/\/infovera.com.ar\/web\/wp-json\/wp\/v2\/comments?post=43285"}],"version-history":[{"count":0,"href":"https:\/\/infovera.com.ar\/web\/wp-json\/wp\/v2\/posts\/43285\/revisions"}],"wp:featuredmedia":[{"embeddable":true,"href":"https:\/\/infovera.com.ar\/web\/wp-json\/wp\/v2\/media\/43286"}],"wp:attachment":[{"href":"https:\/\/infovera.com.ar\/web\/wp-json\/wp\/v2\/media?parent=43285"}],"wp:term":[{"taxonomy":"category","embeddable":true,"href":"https:\/\/infovera.com.ar\/web\/wp-json\/wp\/v2\/categories?post=43285"},{"taxonomy":"post_tag","embeddable":true,"href":"https:\/\/infovera.com.ar\/web\/wp-json\/wp\/v2\/tags?post=43285"}],"curies":[{"name":"wp","href":"https:\/\/api.w.org\/{rel}","templated":true}]}}