{"id":43254,"date":"2023-03-30T18:24:38","date_gmt":"2023-03-30T21:24:38","guid":{"rendered":"https:\/\/infovera.com.ar\/web\/?p=43254"},"modified":"2023-04-02T10:21:41","modified_gmt":"2023-04-02T13:21:41","slug":"licenciaron-a-tiago-giansily-de-su-puesto-en-el-pro-nacional","status":"publish","type":"post","link":"https:\/\/infovera.com.ar\/web\/2023\/03\/30\/licenciaron-a-tiago-giansily-de-su-puesto-en-el-pro-nacional\/","title":{"rendered":"\u201cLicenciaron\u201d a Tiago Giansily de su puesto en el PRO Nacional"},"content":{"rendered":"<p>El dirigente del PRO del Departamento Vera hizo p\u00fablico a trav\u00e9s de las redes sociales, que desde el PRO Nacional decidieron \u201cLicenciarlo\u201d de su cargo en la Secretar\u00eda Nacional de Discapacidad e Integraci\u00f3n del PRO, a trav\u00e9s de una comunicaci\u00f3n telef\u00f3nica, hecho que atribuye a su apoyo p\u00fablico a la candidatura presidencial de Patricia Bullrich.<\/p>\n<p>Giansily dijo a trav\u00e9s de un video de Twitter: \u201cEl Consejo directivo de PRO diversidad ha decidido que me tome una licencia obligatoria sin saber yo el motivo.<\/p>\n<p>Estoy con una angustia enorme, no entiendo la decisi\u00f3n, no tuve tampoco la posibilidad de poder brindar mi descargo.<\/p>\n<p>Respeto a la jerarqu\u00eda y la democracia, estoy totalmente convencido que la discapacidad y la diversidad no pueden quedar sumergidos en una interna partidaria, el camino es trabajar tanto de un equipo del otro en proyectos en conjunto que nos permita llegar a diciembre con un plan de gobierno que garantiza la mejor calidad de vida a todas las personas con discapacidad.<\/p>\n<p>Seguir\u00e9 militando la discapacidad dentro del PRO como lo vengo haciendo de 2015 desde otro lugar. Quiero agradecerle a todos ustedes que me han acompa\u00f1ado a lo largo de todo este tiempo en la secretar\u00eda de discapacidad, hoy ya no formo parte de ella\u201d.<\/p>\n<blockquote class=\"twitter-tweet\">\n<p dir=\"ltr\" lang=\"es\">Todo mi apoyo y solidaridad con <a href=\"https:\/\/twitter.com\/Tiago_Gian?ref_src=twsrc%5Etfw\">@Tiago_Gian<\/a>, quien fue dado de licencia de manera obligatoria como Sec. Nac. de <a href=\"https:\/\/twitter.com\/diversidadpro?ref_src=twsrc%5Etfw\">@diversidadpro<\/a> debido a que, desde sus redes sociales personales, apoya y milita la candidatura de <a href=\"https:\/\/twitter.com\/PatoBullrich?ref_src=twsrc%5Etfw\">@PatoBullrich<\/a>.<\/p>\n<p>Lamentablemente, la interna nacional quiere dividir\u2026 <a href=\"https:\/\/t.co\/oOk53LPDm4\">pic.twitter.com\/oOk53LPDm4<\/a><\/p>\n<p>\u2014 Jere Oviedo Flores (@Jereoviedook) <a href=\"https:\/\/twitter.com\/Jereoviedook\/status\/1641253725816627201?ref_src=twsrc%5Etfw\">March 30, 2023<\/a><\/p><\/blockquote>\n<p><script async src=\"https:\/\/platform.twitter.com\/widgets.js\" charset=\"utf-8\"><\/script><\/p>\n","protected":false},"excerpt":{"rendered":"<p>El dirigente del PRO del Departamento Vera hizo p\u00fablico a trav\u00e9s de las redes sociales, que desde el PRO Nacional decidieron \u201cLicenciarlo\u201d de su cargo en la Secretar\u00eda Nacional de Discapacidad e Integraci\u00f3n del PRO, a trav\u00e9s de una comunicaci\u00f3n telef\u00f3nica, hecho que atribuye a su apoyo p\u00fablico a la candidatura presidencial de Patricia Bullrich. [&hellip;]<\/p>\n","protected":false},"author":3,"featured_media":43256,"comment_status":"closed","ping_status":"closed","sticky":false,"template":"","format":"standard","meta":{"_joinchat":[],"footnotes":""},"categories":[53],"tags":[],"class_list":{"0":"post-43254","1":"post","2":"type-post","3":"status-publish","4":"format-standard","5":"has-post-thumbnail","7":"category-vera"},"_links":{"self":[{"href":"https:\/\/infovera.com.ar\/web\/wp-json\/wp\/v2\/posts\/43254","targetHints":{"allow":["GET"]}}],"collection":[{"href":"https:\/\/infovera.com.ar\/web\/wp-json\/wp\/v2\/posts"}],"about":[{"href":"https:\/\/infovera.com.ar\/web\/wp-json\/wp\/v2\/types\/post"}],"author":[{"embeddable":true,"href":"https:\/\/infovera.com.ar\/web\/wp-json\/wp\/v2\/users\/3"}],"replies":[{"embeddable":true,"href":"https:\/\/infovera.com.ar\/web\/wp-json\/wp\/v2\/comments?post=43254"}],"version-history":[{"count":0,"href":"https:\/\/infovera.com.ar\/web\/wp-json\/wp\/v2\/posts\/43254\/revisions"}],"wp:featuredmedia":[{"embeddable":true,"href":"https:\/\/infovera.com.ar\/web\/wp-json\/wp\/v2\/media\/43256"}],"wp:attachment":[{"href":"https:\/\/infovera.com.ar\/web\/wp-json\/wp\/v2\/media?parent=43254"}],"wp:term":[{"taxonomy":"category","embeddable":true,"href":"https:\/\/infovera.com.ar\/web\/wp-json\/wp\/v2\/categories?post=43254"},{"taxonomy":"post_tag","embeddable":true,"href":"https:\/\/infovera.com.ar\/web\/wp-json\/wp\/v2\/tags?post=43254"}],"curies":[{"name":"wp","href":"https:\/\/api.w.org\/{rel}","templated":true}]}}