{"id":43250,"date":"2023-03-30T09:37:53","date_gmt":"2023-03-30T12:37:53","guid":{"rendered":"https:\/\/infovera.com.ar\/web\/?p=43250"},"modified":"2023-03-30T09:37:53","modified_gmt":"2023-03-30T12:37:53","slug":"representante-de-unicef-visito-vera","status":"publish","type":"post","link":"https:\/\/infovera.com.ar\/web\/2023\/03\/30\/representante-de-unicef-visito-vera\/","title":{"rendered":"Representante de UNICEF visit\u00f3 Vera"},"content":{"rendered":"<p>La coordinadora de Municipio Unido por la Ni\u00f1ez y la Adolescencia (MUNA), Mar\u00eda Fernanda Potenza, fue recibida por el equipo de Desarrollo Humano de la Municipalidad que encabeza Jorgelina Vel\u00e1zquez, tambi\u00e9n acompa\u00f1aron a la visitante Lorena Haupt como integrante de su equipo y Ornela Grossi en representaci\u00f3n del Ministerio de Gobierno de la provincia de Santa Fe.<\/p>\n<p>El encuentro permiti\u00f3 conocer el trabajo que viene realizando el municipio desde hace un a\u00f1o y medio, en que ingres\u00f3 al proyecto por cuanto Vera es una de las 80 localidades de la provincia de Santa Fe que se han incorporado para sumarse a la tarea que realiza UNICEF que trabaja con los gobiernos municipales para que sit\u00faen a la ni\u00f1ez en el centro de sus prioridades y se comprometan a mejorar la vida de las ni\u00f1as, ni\u00f1os y adolescentes.<\/p>\n<p>Potenza dijo que desde el organismo mundial \u201cse brinda asistencia t\u00e9cnica y capacitaci\u00f3n en funci\u00f3n de las prioridades que cada municipio haya presentado\u201d.<\/p>\n<p>\u201cEse compromiso con la ni\u00f1ez y la adolescencia asumido por la Municipalidad de Vera la har\u00e1 merecedora de una distinci\u00f3n por parte de UNICEF, acto que se concretar\u00e1 en los pr\u00f3ximos meses\u201d, concluy\u00f3.<\/p>\n<p>Por su parte, Jorgelina Velazquez expres\u00f3 que \u201clas acciones y programas que se vienen desplegando est\u00e1n implementados en funci\u00f3n de los problemas detectados y eso es lo que se evalu\u00f3 en este encuentro que es consecuencia de otros anteriores\u201d.<\/p>\n<p>Como parte del Programa de Pa\u00eds en Argentina 2021-2025, UNICEF ha definido diferentes prioridades y puesto en marcha una vasta cantidad de programas y estrategias para garantizar los derechos de los ni\u00f1os y adolescentes en sus comunidades y contribuir a la reversi\u00f3n de las problem\u00e1ticas detectadas y una de ellas es la iniciativa Municipio Unido por la Ni\u00f1ez y la Adolescencia (MUNA).<\/p>\n<p>&nbsp;<\/p>\n<p><em><strong>Letyana Press<\/strong><\/em><\/p>\n","protected":false},"excerpt":{"rendered":"<p>La coordinadora de Municipio Unido por la Ni\u00f1ez y la Adolescencia (MUNA), Mar\u00eda Fernanda Potenza, fue recibida por el equipo de Desarrollo Humano de la Municipalidad que encabeza Jorgelina Vel\u00e1zquez, tambi\u00e9n acompa\u00f1aron a la visitante Lorena Haupt como integrante de su equipo y Ornela Grossi en representaci\u00f3n del Ministerio de Gobierno de la provincia de [&hellip;]<\/p>\n","protected":false},"author":3,"featured_media":43251,"comment_status":"closed","ping_status":"closed","sticky":false,"template":"","format":"standard","meta":{"_joinchat":[],"footnotes":""},"categories":[53],"tags":[],"class_list":{"0":"post-43250","1":"post","2":"type-post","3":"status-publish","4":"format-standard","5":"has-post-thumbnail","7":"category-vera"},"_links":{"self":[{"href":"https:\/\/infovera.com.ar\/web\/wp-json\/wp\/v2\/posts\/43250","targetHints":{"allow":["GET"]}}],"collection":[{"href":"https:\/\/infovera.com.ar\/web\/wp-json\/wp\/v2\/posts"}],"about":[{"href":"https:\/\/infovera.com.ar\/web\/wp-json\/wp\/v2\/types\/post"}],"author":[{"embeddable":true,"href":"https:\/\/infovera.com.ar\/web\/wp-json\/wp\/v2\/users\/3"}],"replies":[{"embeddable":true,"href":"https:\/\/infovera.com.ar\/web\/wp-json\/wp\/v2\/comments?post=43250"}],"version-history":[{"count":0,"href":"https:\/\/infovera.com.ar\/web\/wp-json\/wp\/v2\/posts\/43250\/revisions"}],"wp:featuredmedia":[{"embeddable":true,"href":"https:\/\/infovera.com.ar\/web\/wp-json\/wp\/v2\/media\/43251"}],"wp:attachment":[{"href":"https:\/\/infovera.com.ar\/web\/wp-json\/wp\/v2\/media?parent=43250"}],"wp:term":[{"taxonomy":"category","embeddable":true,"href":"https:\/\/infovera.com.ar\/web\/wp-json\/wp\/v2\/categories?post=43250"},{"taxonomy":"post_tag","embeddable":true,"href":"https:\/\/infovera.com.ar\/web\/wp-json\/wp\/v2\/tags?post=43250"}],"curies":[{"name":"wp","href":"https:\/\/api.w.org\/{rel}","templated":true}]}}