{"id":43232,"date":"2023-03-30T08:45:06","date_gmt":"2023-03-30T11:45:06","guid":{"rendered":"https:\/\/infovera.com.ar\/web\/?p=43232"},"modified":"2023-03-30T08:45:06","modified_gmt":"2023-03-30T11:45:06","slug":"se-realizo-la-asamblea-del-consejo-provincial-de-ninez-adolescencia-y-familia-en-calchaqui","status":"publish","type":"post","link":"https:\/\/infovera.com.ar\/web\/2023\/03\/30\/se-realizo-la-asamblea-del-consejo-provincial-de-ninez-adolescencia-y-familia-en-calchaqui\/","title":{"rendered":"Se realiz\u00f3 la asamblea del Consejo Provincial de Ni\u00f1ez, Adolescencia y Familia en Calchaqu\u00ed"},"content":{"rendered":"<p>El Ministerio de Desarrollo Social, a trav\u00e9s de la Secretar\u00eda de los Derechos de la Ni\u00f1ez, Adolescencia y Familia, llev\u00f3 adelante el primer encuentro de a\u00f1o del Consejo Provincial de Ni\u00f1as, Ni\u00f1os y Adolescentes, en la ciudad de Calchaqu\u00ed.<\/p>\n<p>En la oportunidad, los consejeros regionales abordaron tem\u00e1ticas relacionadas con el \u00e1mbito de ni\u00f1ez y en particular las problem\u00e1ticas de Interrupci\u00f3n Legal del Embarazo (ILE) en ni\u00f1as y adolescentes, y trata de personas. Como fundamento sobre estos temas, expertos en dichas problem\u00e1ticas realizaron dos ponencias.<\/p>\n<p>Con referencia a la asamblea, el ministro de Desarrollo Social, Danilo Capitani, asever\u00f3: \u201cEl gobierno de la provincia promueve estos espacios de capacitaci\u00f3n e intercambio de experiencias, que permiten adem\u00e1s, articular pol\u00edticas p\u00fablicas que garanticen los derechos de las infancias y adolescencias\u201d.<\/p>\n<p>Por su parte, la secretaria de los Derechos de la Ni\u00f1ez, Adolescencia y Familia, Patricia Chialvo, manifest\u00f3: \u201cCelebramos esta instancia en la que los consejeros regionales expresan los logros, los procesos y los problemas en materia de ni\u00f1ez, muchos espec\u00edficos de su territorio y muchos comunes a toda la provincia\u201d.<\/p>\n<p>\u201cEl Consejo es una herramientas para rendir cuentas, para escucharnos y para planificar acciones conjuntas\u201d, agreg\u00f3 Chialvo.<\/p>\n<p>La exposici\u00f3n sobre ILE estuvo a cargo de Adriana Lusso, Agustina Busaniche y Macarena Dalla Costa, de la Subsecretar\u00eda de Prevenci\u00f3n en Salud y Trayectorias Educativas, del Ministerio de Desarrollo Social, y Mar\u00eda Flavia del Rosso, del Ministerio de Salud.<\/p>\n<p>A su vez, la ponencia referida a Trata de Personas, enfocada en c\u00f3mo actuar ante la desaparici\u00f3n de ni\u00f1os, ni\u00f1as y adolescentes, fue desarrollada por Estefan\u00eda Aguilar y Jesica Ram\u00edrez, de la Secretar\u00eda de Lucha contra la Trata de Personas y Registro Provincial de NnyA desaparecidos, dependientes de la Secretar\u00eda de Derechos Humanos.<\/p>\n<p><strong>ESCUCHA Y PARTICIPACI\u00d3N<\/strong><br \/>\nDe manera simultanea, se realiz\u00f3 la S\u00e9ptima Asamblea Regional de Adolescentes, de la que participaron chicos y chicas de distintos establecimientos educativos de Los Amores, Fort\u00edn Olmos, Toba, Paraje Santa Luc\u00eda, Vera, Esp\u00edn, Tostado y Calchaqu\u00ed.<\/p>\n<p>Adem\u00e1s, acompa\u00f1aron j\u00f3venes representantes de la Fundaci\u00f3n \u00c1ngel, de Reconquista, Comunidad Aborigen COMCAIARIPI, de Calchaqu\u00ed, Fundaci\u00f3n Luminares, tambi\u00e9n de Calchaqu\u00ed, y ONG del norte provincial.<\/p>\n<p>En referencia a \u00e9sta asamblea, Chialvo destac\u00f3 que \u201ces un espacio muy importante en el que chicos y chicas ejercen su derecho a ser escuchados y tenidos en cuenta para la elaboraci\u00f3n de las pol\u00edticas que los tienen como destinatarios\u201d.<\/p>\n<p><strong>PRESENTES<\/strong><br \/>\nTambi\u00e9n participaron de la asamblea, el intendente de Calchaqu\u00ed, Rub\u00e9n Cuello; el senador por el departamento Vera, Osvaldo Sosa; las delegadas regionales, Graciela Cereijo y Myriam Manassero; y representantes de la Secretar\u00eda de Derechos Humanos de Santa Fe y el Ministerio de Salud de la provincia.<\/p>\n","protected":false},"excerpt":{"rendered":"<p>El Ministerio de Desarrollo Social, a trav\u00e9s de la Secretar\u00eda de los Derechos de la Ni\u00f1ez, Adolescencia y Familia, llev\u00f3 adelante el primer encuentro de a\u00f1o del Consejo Provincial de Ni\u00f1as, Ni\u00f1os y Adolescentes, en la ciudad de Calchaqu\u00ed. En la oportunidad, los consejeros regionales abordaron tem\u00e1ticas relacionadas con el \u00e1mbito de ni\u00f1ez y en [&hellip;]<\/p>\n","protected":false},"author":3,"featured_media":43233,"comment_status":"closed","ping_status":"closed","sticky":false,"template":"","format":"standard","meta":{"_joinchat":[],"footnotes":""},"categories":[52],"tags":[],"class_list":{"0":"post-43232","1":"post","2":"type-post","3":"status-publish","4":"format-standard","5":"has-post-thumbnail","7":"category-calchaqui"},"_links":{"self":[{"href":"https:\/\/infovera.com.ar\/web\/wp-json\/wp\/v2\/posts\/43232","targetHints":{"allow":["GET"]}}],"collection":[{"href":"https:\/\/infovera.com.ar\/web\/wp-json\/wp\/v2\/posts"}],"about":[{"href":"https:\/\/infovera.com.ar\/web\/wp-json\/wp\/v2\/types\/post"}],"author":[{"embeddable":true,"href":"https:\/\/infovera.com.ar\/web\/wp-json\/wp\/v2\/users\/3"}],"replies":[{"embeddable":true,"href":"https:\/\/infovera.com.ar\/web\/wp-json\/wp\/v2\/comments?post=43232"}],"version-history":[{"count":0,"href":"https:\/\/infovera.com.ar\/web\/wp-json\/wp\/v2\/posts\/43232\/revisions"}],"wp:featuredmedia":[{"embeddable":true,"href":"https:\/\/infovera.com.ar\/web\/wp-json\/wp\/v2\/media\/43233"}],"wp:attachment":[{"href":"https:\/\/infovera.com.ar\/web\/wp-json\/wp\/v2\/media?parent=43232"}],"wp:term":[{"taxonomy":"category","embeddable":true,"href":"https:\/\/infovera.com.ar\/web\/wp-json\/wp\/v2\/categories?post=43232"},{"taxonomy":"post_tag","embeddable":true,"href":"https:\/\/infovera.com.ar\/web\/wp-json\/wp\/v2\/tags?post=43232"}],"curies":[{"name":"wp","href":"https:\/\/api.w.org\/{rel}","templated":true}]}}