{"id":43209,"date":"2023-03-28T21:02:31","date_gmt":"2023-03-29T00:02:31","guid":{"rendered":"https:\/\/infovera.com.ar\/web\/?p=43209"},"modified":"2023-03-28T21:02:31","modified_gmt":"2023-03-29T00:02:31","slug":"ante-una-sequia-historica-la-provincia-brinda-un-abordaje-integral-para-asistir-al-campo-santafesino","status":"publish","type":"post","link":"https:\/\/infovera.com.ar\/web\/2023\/03\/28\/ante-una-sequia-historica-la-provincia-brinda-un-abordaje-integral-para-asistir-al-campo-santafesino\/","title":{"rendered":"Ante una sequ\u00eda hist\u00f3rica, la Provincia brinda un abordaje integral para asistir al campo santafesino"},"content":{"rendered":"<p>En el marco de una situaci\u00f3n cr\u00edtica que afecta a todas las producciones agropecuarias, el ministro Daniel Costamagna detall\u00f3 las distintas acciones que se llevan adelante para acompa\u00f1ar a los productores, herramientas que adem\u00e1s de atender la coyuntura tienen una mirada de largo plazo.<\/p>\n<p>&nbsp;<\/p>\n<p>La provincia de Santa Fe es uno de los distritos del pa\u00eds m\u00e1s afectados por la sequ\u00eda, fen\u00f3meno que tiene un fuerte impacto en todas las actividades agropecuarias como as\u00ed tambi\u00e9n en la cadena de valor vinculada al sector. En ese marco, el Gobierno Provincial brinda un fuerte acompa\u00f1amiento a los productores para paliar esta situaci\u00f3n.<\/p>\n<p>&nbsp;<\/p>\n<p>El proyecto de Ley que busca reemplazar la vetusta Ley de Emergencia Agropecuaria es un claro ejemplo. &#8220;El mismo lamentablemente s\u00f3lo obtuvo media sanci\u00f3n -en el mes de diciembre del 2022- en el Senado Provincial, y actualmente se encuentra para tratamiento en la C\u00e1mara de Diputados para su aprobaci\u00f3n definitiva. La imposibilidad de contar con esta Ley impide a muchos productores gozar de mayores beneficios como el no pago de patente de veh\u00edculos afectados a las explotaciones agropecuarias, l\u00edneas de financiamiento exclusivas, subsidio de tasas de primas de seguros agropecuario y contar con un fondo espec\u00edfico que se retroalimenta a\u00f1o a a\u00f1o para prevenir y recomponer capital de trabajo ante situaciones extremas. Dada la importancia de este Proyecto de Ley para el sector agropecuario y considerando la sequ\u00eda hist\u00f3rica que atraviesa la provincia el gobernador Omar Perotti convoc\u00f3 a sesiones extraordinarias para su tratamiento&#8221;, asegur\u00f3 el ministro de Producci\u00f3n, Ciencia y Tecnolog\u00eda de Santa Fe, Daniel Costamagna.<\/p>\n<p>&nbsp;<\/p>\n<p>Finalizando el mes de marzo se van a superar las 10.000 declaraciones juradas de da\u00f1os presentadas por los productores que representan alrededor de 5.000.000 de hect\u00e1reas productivas afectadas, siendo solamente el 40% del total provincial afectado. Al respecto Costamagna indic\u00f3: &#8220;Estos n\u00fameros demuestran la necesidad de contar con una Ley que trascienda nuestra gesti\u00f3n y que est\u00e9 acorde a la realidad productiva de la provincia, donde el 70% de los productores que invierten, producen y generan empleo lo hacen sobre tierras arrendadas\u201d.<\/p>\n<p>&nbsp;<\/p>\n<p>Por otra parte, como consecuencia de la demanda de los productores agropecuarios para obtener los beneficios de la normativa nacional de Emergencia Agropecuaria, la cartera santafesina de producci\u00f3n solicit\u00f3 a la AFIP que acepten las presentaciones de los formularios de declaraciones juradas de da\u00f1os de emergencia agropecuaria como instrumento suficiente para iniciar las gestiones para obtener las beneficios impositivos que prev\u00e9 la normativa nacional. Esta gesti\u00f3n in\u00e9dita de colaboraci\u00f3n y articulaci\u00f3n con dicho organismo tiene como objetivo que los productores puedan percibir los beneficios impositivos; no obstante en la medida que dispongan de los certificados deber\u00e1n presentarlos ante AFIP para finalizar el tr\u00e1mite.<\/p>\n<p>&nbsp;<\/p>\n<p>En relaci\u00f3n a las medidas de asistencia econ\u00f3mica y financiera para acompa\u00f1ar a los productores agropecuarios, se ha puesto en marcha un sistema transparente de autogesti\u00f3n de solicitudes de cr\u00e9ditos y aportes no reintegrables. Esta decisi\u00f3n de otorgar fondos p\u00fablicos presenta sendos beneficios como ser de f\u00e1cil acceso para los productores agropecuarios, agilizar los procedimientos de evaluaci\u00f3n de las solicitudes y aportar trazabilidad y participaci\u00f3n mancomunada de todos los actores involucrados. Este sistema de asignaci\u00f3n de fondos provinciales y nacionales permite identificar claramente la demanda de asistencia por parte de los productores en los distintos puntos de la provincia y as\u00ed lograr una distribuci\u00f3n equitativa de los mismos. Por otra parte, la asistencia se otorga a peque\u00f1os y medianos productores, definiendo perfiles productivos espec\u00edficos de acuerdo a las hect\u00e1reas productivas y stock de ganado, para acompa\u00f1ar as\u00ed a los m\u00e1s vulnerables.<\/p>\n<p>&nbsp;<\/p>\n<p>Espec\u00edficamente, se est\u00e1 asistiendo a trav\u00e9s de cr\u00e9ditos sin inter\u00e9s con plazos de gracia y aportes no reintegrables a peque\u00f1os y medianos productores agr\u00edcolas, ganaderos, mixtos, ap\u00edcolas, legumbreros y frutihort\u00edcolas para recomponer su capital de trabajo. Adem\u00e1s, se acompa\u00f1a con acarreo de agua, entrega de alimento y limpieza de represas en el norte provincial. Por otro lado, para los productores que tienen mayor escala productiva, el Estado provincial puso a disposici\u00f3n l\u00edneas de cr\u00e9ditos con bonificaci\u00f3n de tasas de inter\u00e9s para adquirir capital de trabajo e inversiones.<\/p>\n<p>&nbsp;<\/p>\n<p>Complementariamente, la provincia de Santa Fe ha presentado de manera continua distintos pedidos a las autoridades nacionales de mayor acompa\u00f1amiento de fondos de asistencia, eliminaci\u00f3n de las retenciones a la lecher\u00eda por considerarla una econom\u00eda regional, implementaci\u00f3n r\u00e1pida y sin burocracia de los beneficios de la Ley Nacional de Emergencia Agropecuaria y la urgente derogaci\u00f3n de la Comunicaci\u00f3n A 7600 del Banco Central de la Rep\u00fablica Argentina, del 5% de stock de granos, entre otros.<\/p>\n<p>&nbsp;<\/p>\n<p>\u201cEl abordaje de la ruralidad en Santa Fe es integral -precis\u00f3 Costamagna- caminos rurales, con m\u00e1s de 1.000 km y 100 escuelas rurales beneficiadas ya son una realidad, conectividad, educaci\u00f3n, oficios, financiamiento a emprendedores, incorporaci\u00f3n de tecnolog\u00edas y una multiplicidad de obras para la producci\u00f3n. El desaf\u00edo del arraigo, de la inclusi\u00f3n, del aprendizaje, de una mejor calidad de vida rural y de las oportunidades son nuestro desvelo\u201d.<\/p>\n<p>&nbsp;<\/p>\n<p>\u201cLos esfuerzos que hacemos en la sequ\u00eda no constituyen un acompa\u00f1amiento aislado, sino que son parte de esta mirada integral. No debemos olvidar que la gesti\u00f3n del gobernador Omar Perotti instrument\u00f3 el programa Santa Fe de Pie, mayor financiamiento de la historia de la provincia para su sector productivo para inversiones en el sector agropecuario e industrial, con $26,5 mil millones, en el cual el Estado provincial invirti\u00f3 en en subsidio de las tasas para llegar al 16% anual. Adem\u00e1s se est\u00e1n ejecutando obras en toda la Cuenca de los Bajos Submeridionales, una deuda hist\u00f3rica que se ten\u00eda con esa regi\u00f3n y que no tiene precedentes en cuanto a inversi\u00f3n h\u00eddrica y productiva; se ejecutan los caminos de la producci\u00f3n, rutas transversales, puentes y alcantarillas como nunca se hab\u00eda hecho. Hablamos de hechos concretos que implicaron mucho trabajo y que hoy podemos contar como realidad\u201d.<\/p>\n","protected":false},"excerpt":{"rendered":"<p>En el marco de una situaci\u00f3n cr\u00edtica que afecta a todas las producciones agropecuarias, el ministro Daniel Costamagna detall\u00f3 las distintas acciones que se llevan adelante para acompa\u00f1ar a los productores, herramientas que adem\u00e1s de atender la coyuntura tienen una mirada de largo plazo. &nbsp; La provincia de Santa Fe es uno de los distritos [&hellip;]<\/p>\n","protected":false},"author":3,"featured_media":31623,"comment_status":"closed","ping_status":"closed","sticky":false,"template":"","format":"standard","meta":{"_joinchat":[],"footnotes":""},"categories":[60],"tags":[],"class_list":{"0":"post-43209","1":"post","2":"type-post","3":"status-publish","4":"format-standard","5":"has-post-thumbnail","7":"category-provinciales"},"_links":{"self":[{"href":"https:\/\/infovera.com.ar\/web\/wp-json\/wp\/v2\/posts\/43209","targetHints":{"allow":["GET"]}}],"collection":[{"href":"https:\/\/infovera.com.ar\/web\/wp-json\/wp\/v2\/posts"}],"about":[{"href":"https:\/\/infovera.com.ar\/web\/wp-json\/wp\/v2\/types\/post"}],"author":[{"embeddable":true,"href":"https:\/\/infovera.com.ar\/web\/wp-json\/wp\/v2\/users\/3"}],"replies":[{"embeddable":true,"href":"https:\/\/infovera.com.ar\/web\/wp-json\/wp\/v2\/comments?post=43209"}],"version-history":[{"count":0,"href":"https:\/\/infovera.com.ar\/web\/wp-json\/wp\/v2\/posts\/43209\/revisions"}],"wp:featuredmedia":[{"embeddable":true,"href":"https:\/\/infovera.com.ar\/web\/wp-json\/wp\/v2\/media\/31623"}],"wp:attachment":[{"href":"https:\/\/infovera.com.ar\/web\/wp-json\/wp\/v2\/media?parent=43209"}],"wp:term":[{"taxonomy":"category","embeddable":true,"href":"https:\/\/infovera.com.ar\/web\/wp-json\/wp\/v2\/categories?post=43209"},{"taxonomy":"post_tag","embeddable":true,"href":"https:\/\/infovera.com.ar\/web\/wp-json\/wp\/v2\/tags?post=43209"}],"curies":[{"name":"wp","href":"https:\/\/api.w.org\/{rel}","templated":true}]}}