{"id":43203,"date":"2023-03-27T20:00:59","date_gmt":"2023-03-27T23:00:59","guid":{"rendered":"https:\/\/infovera.com.ar\/web\/?p=43203"},"modified":"2023-03-27T22:29:20","modified_gmt":"2023-03-28T01:29:20","slug":"sosa-participo-de-la-asamblea-regional-del-consejo-provincial-de-ninez-en-calchaqui","status":"publish","type":"post","link":"https:\/\/infovera.com.ar\/web\/2023\/03\/27\/sosa-participo-de-la-asamblea-regional-del-consejo-provincial-de-ninez-en-calchaqui\/","title":{"rendered":"Sosa particip\u00f3 de la Asamblea Regional del Consejo Provincial de Ni\u00f1ez en Calchaqu\u00ed"},"content":{"rendered":"<p><strong>Junto a autoridades provinciales municipales y de la Delegaci\u00f3n de la Secretar\u00eda de Ni\u00f1ez del departamento Vera, el legislador acompa\u00f1\u00f3 a los j\u00f3venes en la realizaci\u00f3n de este encuentro provincial.<\/strong><\/p>\n<p>&#8220;Los j\u00f3venes como propulsores en la conquista de sus derechos, son la herramienta del presente y la consolidaci\u00f3n del futuro. Son ellos los art\u00edfices para transformar sus propias realidades, y somos nosotros los responsables de acompa\u00f1ar ese proceso, por eso rescato el trabajo de las comunas, las municipalidades, las instituciones intermedias y el rol fundamental de la Delegaci\u00f3n Vera de la Secretar\u00eda de Ni\u00f1ez&#8221;, destac\u00f3 el senador Osvaldo Sosa, tras participar de la Asamblea Regional del Consejo Provincial de Ni\u00f1ez en Calchaqu\u00ed.<\/p>\n","protected":false},"excerpt":{"rendered":"<p>Junto a autoridades provinciales municipales y de la Delegaci\u00f3n de la Secretar\u00eda de Ni\u00f1ez del departamento Vera, el legislador acompa\u00f1\u00f3 a los j\u00f3venes en la realizaci\u00f3n de este encuentro provincial. &#8220;Los j\u00f3venes como propulsores en la conquista de sus derechos, son la herramienta del presente y la consolidaci\u00f3n del futuro. Son ellos los art\u00edfices para [&hellip;]<\/p>\n","protected":false},"author":3,"featured_media":43204,"comment_status":"closed","ping_status":"closed","sticky":false,"template":"","format":"standard","meta":{"_joinchat":[],"footnotes":""},"categories":[56],"tags":[],"class_list":{"0":"post-43203","1":"post","2":"type-post","3":"status-publish","4":"format-standard","5":"has-post-thumbnail","7":"category-destacados"},"_links":{"self":[{"href":"https:\/\/infovera.com.ar\/web\/wp-json\/wp\/v2\/posts\/43203","targetHints":{"allow":["GET"]}}],"collection":[{"href":"https:\/\/infovera.com.ar\/web\/wp-json\/wp\/v2\/posts"}],"about":[{"href":"https:\/\/infovera.com.ar\/web\/wp-json\/wp\/v2\/types\/post"}],"author":[{"embeddable":true,"href":"https:\/\/infovera.com.ar\/web\/wp-json\/wp\/v2\/users\/3"}],"replies":[{"embeddable":true,"href":"https:\/\/infovera.com.ar\/web\/wp-json\/wp\/v2\/comments?post=43203"}],"version-history":[{"count":0,"href":"https:\/\/infovera.com.ar\/web\/wp-json\/wp\/v2\/posts\/43203\/revisions"}],"wp:featuredmedia":[{"embeddable":true,"href":"https:\/\/infovera.com.ar\/web\/wp-json\/wp\/v2\/media\/43204"}],"wp:attachment":[{"href":"https:\/\/infovera.com.ar\/web\/wp-json\/wp\/v2\/media?parent=43203"}],"wp:term":[{"taxonomy":"category","embeddable":true,"href":"https:\/\/infovera.com.ar\/web\/wp-json\/wp\/v2\/categories?post=43203"},{"taxonomy":"post_tag","embeddable":true,"href":"https:\/\/infovera.com.ar\/web\/wp-json\/wp\/v2\/tags?post=43203"}],"curies":[{"name":"wp","href":"https:\/\/api.w.org\/{rel}","templated":true}]}}