{"id":43177,"date":"2023-03-27T16:33:33","date_gmt":"2023-03-27T19:33:33","guid":{"rendered":"https:\/\/infovera.com.ar\/web\/?p=43177"},"modified":"2023-03-27T16:42:15","modified_gmt":"2023-03-27T19:42:15","slug":"los-profesionales-de-la-salud-nucleados-en-amra-aceptaron-la-oferta-salarial-de-la-provincia","status":"publish","type":"post","link":"https:\/\/infovera.com.ar\/web\/2023\/03\/27\/los-profesionales-de-la-salud-nucleados-en-amra-aceptaron-la-oferta-salarial-de-la-provincia\/","title":{"rendered":"Los profesionales de la salud nucleados en AMRA aceptaron la oferta salarial de la provincia"},"content":{"rendered":"<p><strong>De esta manera, el gobierno alcanza los acuerdos paritarios para la primera parte del a\u00f1o. El ministro de Trabajo destac\u00f3 el di\u00e1logo con todos los sectores y reivindic\u00f3 el \u00e1mbito paritario para resolver las demandas de las y los trabajadores estatales.\u00a0<\/strong><\/p>\n<p>A partir de que los profesionales de la salud nucleados en AMRA aceptaran la propuesta salarial y de condiciones de trabajo realizada oportunamente, la provincia de Santa Fe concluye el di\u00e1logo paritario para el primer semestre del 2023.<\/p>\n<p>En ese marco, el ministro de Trabajo, Empleo y Seguridad Social, Juan Manuel Pusineri, expres\u00f3 que \u201cen t\u00e9rminos generales, podemos decir que en la provincia de Santa Fe el di\u00e1logo, una vez m\u00e1s, ha dado sus frutos. Fue un proceso que llev\u00f3 su tiempo de intercambio con los sectores que negocian en el \u00e1mbito de la provincia: el sector central con UPCN y ATE, el sector docente y ahora tambi\u00e9n con el sector de la salud. Esto es un logro conjunto y una reivindicaci\u00f3n del \u00e1mbito de negociaci\u00f3n\u201d.<\/p>\n<p>Este acuerdo paritario se sostendr\u00e1 hasta el mes de julio, aunque en el mes de mayo la provincia ha previsto un mecanismo de actualizaci\u00f3n para que los salarios estatales no pierdan frente a la inflaci\u00f3n: \u201cEn el mes de mayo vamos a tener la aplicaci\u00f3n de una cl\u00e1usula de garant\u00eda para que el salario no pierda con la inflaci\u00f3n. Es una cl\u00e1usula de aplicaci\u00f3n autom\u00e1tica. Y la reapertura de las negociaciones en el mes de julio; con lo cual todos los trabajadores de la administraci\u00f3n p\u00fablica provincial tienen un horizonte despejado, as\u00ed como tambi\u00e9n la propia administraci\u00f3n de la provincia respecto de la inversi\u00f3n en salarios p\u00fablicos\u201d, puntualiz\u00f3 el funcionario.<\/p>\n<p><iframe loading=\"lazy\" title=\"Los profesionales de la salud nucleados en AMRA aceptaron la oferta salarial de la provincia\" width=\"696\" height=\"392\" src=\"https:\/\/www.youtube.com\/embed\/SOtqzaAVom4?feature=oembed\" frameborder=\"0\" allow=\"accelerometer; autoplay; clipboard-write; encrypted-media; gyroscope; picture-in-picture; web-share\" referrerpolicy=\"strict-origin-when-cross-origin\" allowfullscreen><\/iframe><\/p>\n<p>Consultado acerca de c\u00f3mo contin\u00faa este proceso, Pusineri manifest\u00f3 que \u201cen lo salarial, a partir de ahora, se van a implementar los aumentos previstos para todos los sectores. Y respecto de las cuestiones no salariales, iniciamos un trabajo muy importante en estos tres sectores y tambi\u00e9n en \u00e1mbito de las empresas que negocian con el Estado provincial en lo que se refiere a poner en marcha cuestiones relativas a condiciones de trabajo que se han pactado. Particularmente, nos referimos a la situaci\u00f3n del personal contratado a partir del a\u00f1o 2019. All\u00ed el gobierno propuso -y los gremios han aceptado- que esas trabajadoras y trabajadores vayan siendo incorporados a la planta del Estado\u201d.<\/p>\n<p>Finalmente, el responsable de la cartera laboral destac\u00f3 que \u201cdesde el a\u00f1o 2020 transcurrimos m\u00e1s de 50 instancias con los gremios en las que discutimos salarios y condiciones de trabajo, en todas -con mayor o menor dificultad- hemos ido logrando acuerdos. La provincia de Santa Fe va a seguir reivindicando este \u00e1mbito como el mejor para dar tratamiento a todo lo que tiene que ver con los derechos de los trabajadores, con lo salarial, con condiciones de trabajo y tambi\u00e9n con el funcionamiento de la administraci\u00f3n\u201d.<\/p>\n","protected":false},"excerpt":{"rendered":"<p>De esta manera, el gobierno alcanza los acuerdos paritarios para la primera parte del a\u00f1o. El ministro de Trabajo destac\u00f3 el di\u00e1logo con todos los sectores y reivindic\u00f3 el \u00e1mbito paritario para resolver las demandas de las y los trabajadores estatales.\u00a0 A partir de que los profesionales de la salud nucleados en AMRA aceptaran la [&hellip;]<\/p>\n","protected":false},"author":3,"featured_media":43178,"comment_status":"closed","ping_status":"closed","sticky":false,"template":"","format":"standard","meta":{"_joinchat":[],"footnotes":""},"categories":[56],"tags":[],"class_list":{"0":"post-43177","1":"post","2":"type-post","3":"status-publish","4":"format-standard","5":"has-post-thumbnail","7":"category-destacados"},"_links":{"self":[{"href":"https:\/\/infovera.com.ar\/web\/wp-json\/wp\/v2\/posts\/43177","targetHints":{"allow":["GET"]}}],"collection":[{"href":"https:\/\/infovera.com.ar\/web\/wp-json\/wp\/v2\/posts"}],"about":[{"href":"https:\/\/infovera.com.ar\/web\/wp-json\/wp\/v2\/types\/post"}],"author":[{"embeddable":true,"href":"https:\/\/infovera.com.ar\/web\/wp-json\/wp\/v2\/users\/3"}],"replies":[{"embeddable":true,"href":"https:\/\/infovera.com.ar\/web\/wp-json\/wp\/v2\/comments?post=43177"}],"version-history":[{"count":0,"href":"https:\/\/infovera.com.ar\/web\/wp-json\/wp\/v2\/posts\/43177\/revisions"}],"wp:featuredmedia":[{"embeddable":true,"href":"https:\/\/infovera.com.ar\/web\/wp-json\/wp\/v2\/media\/43178"}],"wp:attachment":[{"href":"https:\/\/infovera.com.ar\/web\/wp-json\/wp\/v2\/media?parent=43177"}],"wp:term":[{"taxonomy":"category","embeddable":true,"href":"https:\/\/infovera.com.ar\/web\/wp-json\/wp\/v2\/categories?post=43177"},{"taxonomy":"post_tag","embeddable":true,"href":"https:\/\/infovera.com.ar\/web\/wp-json\/wp\/v2\/tags?post=43177"}],"curies":[{"name":"wp","href":"https:\/\/api.w.org\/{rel}","templated":true}]}}