{"id":43166,"date":"2023-03-27T12:55:47","date_gmt":"2023-03-27T15:55:47","guid":{"rendered":"https:\/\/infovera.com.ar\/web\/?p=43166"},"modified":"2023-03-27T12:55:47","modified_gmt":"2023-03-27T15:55:47","slug":"robos-violencia-y-amenazas-el-fin-de-semana-largo-acabo-con-dos-detenidos-en-reconquista","status":"publish","type":"post","link":"https:\/\/infovera.com.ar\/web\/2023\/03\/27\/robos-violencia-y-amenazas-el-fin-de-semana-largo-acabo-con-dos-detenidos-en-reconquista\/","title":{"rendered":"Robos, violencia y amenazas: el fin de semana largo acab\u00f3 con dos detenidos en Reconquista"},"content":{"rendered":"<p>El fiscal de turno, Aldo Gerosa, orden\u00f3 la detenci\u00f3n de dos hombres: uno por un caso de robo, el otro por violencia de g\u00e9nero e incumplimiento de mandatos judiciales.<\/p>\n<p>El pasado fin de semana largo, en la ciudad de Reconquista, se perpetraron varios hechos delictivos.<\/p>\n<p>El feriado comenz\u00f3 con un robo en las calles de un barrio de la ciudad, las v\u00edctimas resultaron heridas, pero afortunadamente no de gravedad. Una historia que comienza a repetirse con m\u00e1s frecuencia en las afueras de la ciudad.<\/p>\n<p>Por otro lado, otro episodio de violencia de g\u00e9nero amenaz\u00f3 la vida de una mujer que ya hab\u00eda buscado medidas de protecci\u00f3n y respuestas judiciales en el pasado.<\/p>\n<p>El jefe de la unidad fiscal especial de turno este fin de semana largo, Aldo Gerosa, orden\u00f3 ambas detenciones.<\/p>\n<p><strong>A punta de cuchillo<\/strong><\/p>\n<p>El d\u00eda viernes 24 de marzo, en el horario de la medianoche, un joven identificado como A.G., tambi\u00e9n apodado \u201cNave\u201d, atac\u00f3 a la una vecina identificada como N.B., quien se encontraba caminando con su hija en las inmediaciones de calle 54 y 61, al 2900.<\/p>\n<p>El ladr\u00f3n increp\u00f3 a sus v\u00edctimas haciendo uso de un arma blanca, espec\u00edficamente un cuchillo de tipo \u201ctramontina\u201d, y le arrebat\u00f3 a la se\u00f1ora una ri\u00f1onera que llevaba en su mano, ocasion\u00e1ndole una herida en la misma.<\/p>\n<p>En la ri\u00f1onera se hallaban sus documentos personales, las llaves del domicilio y un celular.<\/p>\n<p>La polic\u00eda allan\u00f3 el domicilio del sospechoso y secuestr\u00f3 una bermuda de jean azul prelavada. como la que vest\u00eda al momento del hecho y el cuchillo utilizado, muy probablemente en el hecho, \u00fanico de este tipo existente en el lugar.<\/p>\n<p>Con todo ello, la conducta del autor ser\u00eda calificada, en primera instancia, como robo calificado por empleo de arma blanca, en calidad de autor. La pena m\u00ednima por delitos de este estilo parte de la suma de cinco a\u00f1os, lo que se convierte un motivo para una posible fuga del autor, y por ello el Dr. Aldo Gerosa orden\u00f3 su detenci\u00f3n.<\/p>\n<p><strong>Ataques reiterados<\/strong><\/p>\n<p>Este fin de semana tambi\u00e9n se orden\u00f3 la detenci\u00f3n del M. J. V., quien incumpli\u00f3 con medidas judiciales emitidas por el Juzgado de Familia y se acerc\u00f3 al domicilio de la v\u00edctima para amenazarla en reiteradas ocasiones.<\/p>\n<p>La mujer denunci\u00f3 que M. J. V. la atac\u00f3 en dos ocasiones: el primer hecho ocurri\u00f3 el d\u00eda 22<br \/>\nde marzo, durante la madrugada, cuando el autor ingres\u00f3 al domicilio de la denunciante y la amenaz\u00f3 con incendiar su casa.<\/p>\n<p>Dos d\u00edas m\u00e1s tarde, M. F., quien ya sent\u00eda temor por la posibilidad de que dichas amenazas se llevaran a cabo, sufri\u00f3 un nuevo ataque el d\u00eda 24 de marzo.<\/p>\n<p>En dicha oportunidad, el agresor volvi\u00f3 a amedrentarla con amenazas del tenor de que &#8220;si la ve\u00eda con otro la matar\u00eda, esta vez en posesi\u00f3n de un arma de fuego&#8221;, narr\u00f3 el fiscal.<\/p>\n<p>Se sospecha a partir de testigos, que las ocasiones en que el sospechoso violent\u00f3 la<br \/>\nprohibici\u00f3n de acercamiento y comunicaci\u00f3n son muchas m\u00e1s que las denunciadas, sostuvo el fiscal Gerosa.<\/p>\n<p>Finalmente, a la hora del allanamiento ordenado por el juez Gustavo Gon, el atacante opuso resistencia al accionar policial, tratando de impedirlo y neg\u00e1ndose a firmar las actas de allanamiento.<\/p>\n<p>Por todo lo ocurrido, la calificaci\u00f3n legal de su conducta ser\u00eda, en primer lugar, amenazas en concurso ideal con\u00a0 desobediencia a mandato judicial por el primer hecho. Por el segundo hecho, la calificaci\u00f3n ser\u00eda de coacci\u00f3n agravada por uso de arma de fuego en concurso ideal con desobediencia a mandato judicial, y para el tercer hecho ser\u00eda resistencia a la autoridad.<\/p>\n<p>El Dr. Gerosa argument\u00f3 que, adem\u00e1s de las pruebas por entorpecimiento de la investigaci\u00f3n, existe la &#8220;probabilidad de fuga dada la suma computada por las penas y el incumplimiento de medidas judiciales anteriores, una conducta que podr\u00eda repetirse.<\/p>\n<p>El titular de la Unidad Fiscal Especial de Violencia de G\u00e9nero, Sexual y Familiar de Reconquista\u00a0explic\u00f3 que la peligrosidad de los hechos hace posible la continuidad y reiteraci\u00f3n de las agresiones contra su v\u00edctima, la cual por ley vigente, tiene derecho a ser protegida, como que se proteja la investigaci\u00f3n por los hechos que denuncia, por lo que se vuelve necesaria su detenci\u00f3n inmediata.<\/p>\n","protected":false},"excerpt":{"rendered":"<p>El fiscal de turno, Aldo Gerosa, orden\u00f3 la detenci\u00f3n de dos hombres: uno por un caso de robo, el otro por violencia de g\u00e9nero e incumplimiento de mandatos judiciales. El pasado fin de semana largo, en la ciudad de Reconquista, se perpetraron varios hechos delictivos. El feriado comenz\u00f3 con un robo en las calles de [&hellip;]<\/p>\n","protected":false},"author":3,"featured_media":30853,"comment_status":"closed","ping_status":"closed","sticky":false,"template":"","format":"standard","meta":{"_joinchat":[],"footnotes":""},"categories":[55],"tags":[],"class_list":{"0":"post-43166","1":"post","2":"type-post","3":"status-publish","4":"format-standard","5":"has-post-thumbnail","7":"category-reconquista"},"_links":{"self":[{"href":"https:\/\/infovera.com.ar\/web\/wp-json\/wp\/v2\/posts\/43166","targetHints":{"allow":["GET"]}}],"collection":[{"href":"https:\/\/infovera.com.ar\/web\/wp-json\/wp\/v2\/posts"}],"about":[{"href":"https:\/\/infovera.com.ar\/web\/wp-json\/wp\/v2\/types\/post"}],"author":[{"embeddable":true,"href":"https:\/\/infovera.com.ar\/web\/wp-json\/wp\/v2\/users\/3"}],"replies":[{"embeddable":true,"href":"https:\/\/infovera.com.ar\/web\/wp-json\/wp\/v2\/comments?post=43166"}],"version-history":[{"count":0,"href":"https:\/\/infovera.com.ar\/web\/wp-json\/wp\/v2\/posts\/43166\/revisions"}],"wp:featuredmedia":[{"embeddable":true,"href":"https:\/\/infovera.com.ar\/web\/wp-json\/wp\/v2\/media\/30853"}],"wp:attachment":[{"href":"https:\/\/infovera.com.ar\/web\/wp-json\/wp\/v2\/media?parent=43166"}],"wp:term":[{"taxonomy":"category","embeddable":true,"href":"https:\/\/infovera.com.ar\/web\/wp-json\/wp\/v2\/categories?post=43166"},{"taxonomy":"post_tag","embeddable":true,"href":"https:\/\/infovera.com.ar\/web\/wp-json\/wp\/v2\/tags?post=43166"}],"curies":[{"name":"wp","href":"https:\/\/api.w.org\/{rel}","templated":true}]}}