{"id":43160,"date":"2023-03-26T19:00:30","date_gmt":"2023-03-26T22:00:30","guid":{"rendered":"https:\/\/infovera.com.ar\/web\/?p=43160"},"modified":"2023-03-27T16:37:39","modified_gmt":"2023-03-27T19:37:39","slug":"ablacion-multiple-en-el-cullen-era-militar-murio-por-un-acv-y-su-familia-decidio-donar-los-organos","status":"publish","type":"post","link":"https:\/\/infovera.com.ar\/web\/2023\/03\/26\/ablacion-multiple-en-el-cullen-era-militar-murio-por-un-acv-y-su-familia-decidio-donar-los-organos\/","title":{"rendered":"Ablaci\u00f3n m\u00faltiple en el Cullen: era militar, muri\u00f3 por un ACV y su familia decidi\u00f3 donar los \u00f3rganos"},"content":{"rendered":"<div class=\"custom-text text-content styles_paragraph-detail__iq2ji styles_lila-links__fmg8W styles_note-styles__iXm81\">\n<p>Pablo Ariel Acosta era Suboficial Auxiliar en la III Brigada A\u00e9rea y hab\u00eda sufrido un aneurisma. Tras algunas horas de agon\u00eda e internado en el Hospital Cullen se conoci\u00f3 la triste noticia de su fallecimiento.<\/p>\n<\/div>\n<div class=\"custom-text text-content styles_paragraph-detail__iq2ji styles_lila-links__fmg8W styles_note-styles__iXm81\">\n<p>Sus familiares decidieron donar varios \u00f3rganos y mejorar la calidad de vida de algunas personas. El operativo se realiz\u00f3 en dicho nosocomio.<\/p>\n<\/div>\n<div class=\"custom-text text-content styles_paragraph-detail__iq2ji styles_lila-links__fmg8W styles_note-styles__iXm81\">\n<p>Los amigos y familiares que lo conocieron a Pablo aseguran que era un \u201cpibe muy respetado y reconocido\u201d. Adem\u00e1s en las redes sociales aseguran que Acosta era donante de \u00f3rganos, \u201c\u00e9sta fue su \u00faltima misi\u00f3n\u201d, dicen orgullosos. Fuentes cercanas a la familia indican que cinco \u00f3rganos de Acosta fueron donados.<\/p>\n<\/div>\n<div class=\"custom-text text-content styles_paragraph-detail__iq2ji styles_lila-links__fmg8W styles_note-styles__iXm81\">\n<p>Pablo Ariel Acosta estaba casado con Gloria Beatriz Faulkner y ten\u00eda 5 hijos: Abril, M\u00eda, Isabela, Alai y Magui.<\/p>\n<\/div>\n<div class=\"custom-text text-content styles_paragraph-detail__iq2ji styles_lila-links__fmg8W styles_note-styles__iXm81\">\n<p>El joven est\u00e1 siendo velado en el sal\u00f3n comunitario del barrio Sarmiento de Reconquista. El sepelio ser\u00e1 este domingo 26 de marzo de 2023 a las 16:00 horas en el cementerio de dicha localidad.<\/p>\n<\/div>\n","protected":false},"excerpt":{"rendered":"<p>Pablo Ariel Acosta era Suboficial Auxiliar en la III Brigada A\u00e9rea y hab\u00eda sufrido un aneurisma. Tras algunas horas de agon\u00eda e internado en el Hospital Cullen se conoci\u00f3 la triste noticia de su fallecimiento. Sus familiares decidieron donar varios \u00f3rganos y mejorar la calidad de vida de algunas personas. El operativo se realiz\u00f3 en [&hellip;]<\/p>\n","protected":false},"author":3,"featured_media":43161,"comment_status":"closed","ping_status":"closed","sticky":false,"template":"","format":"standard","meta":{"_joinchat":[],"footnotes":""},"categories":[55],"tags":[],"class_list":{"0":"post-43160","1":"post","2":"type-post","3":"status-publish","4":"format-standard","5":"has-post-thumbnail","7":"category-reconquista"},"_links":{"self":[{"href":"https:\/\/infovera.com.ar\/web\/wp-json\/wp\/v2\/posts\/43160","targetHints":{"allow":["GET"]}}],"collection":[{"href":"https:\/\/infovera.com.ar\/web\/wp-json\/wp\/v2\/posts"}],"about":[{"href":"https:\/\/infovera.com.ar\/web\/wp-json\/wp\/v2\/types\/post"}],"author":[{"embeddable":true,"href":"https:\/\/infovera.com.ar\/web\/wp-json\/wp\/v2\/users\/3"}],"replies":[{"embeddable":true,"href":"https:\/\/infovera.com.ar\/web\/wp-json\/wp\/v2\/comments?post=43160"}],"version-history":[{"count":0,"href":"https:\/\/infovera.com.ar\/web\/wp-json\/wp\/v2\/posts\/43160\/revisions"}],"wp:featuredmedia":[{"embeddable":true,"href":"https:\/\/infovera.com.ar\/web\/wp-json\/wp\/v2\/media\/43161"}],"wp:attachment":[{"href":"https:\/\/infovera.com.ar\/web\/wp-json\/wp\/v2\/media?parent=43160"}],"wp:term":[{"taxonomy":"category","embeddable":true,"href":"https:\/\/infovera.com.ar\/web\/wp-json\/wp\/v2\/categories?post=43160"},{"taxonomy":"post_tag","embeddable":true,"href":"https:\/\/infovera.com.ar\/web\/wp-json\/wp\/v2\/tags?post=43160"}],"curies":[{"name":"wp","href":"https:\/\/api.w.org\/{rel}","templated":true}]}}