{"id":43119,"date":"2023-03-21T22:48:29","date_gmt":"2023-03-22T01:48:29","guid":{"rendered":"https:\/\/infovera.com.ar\/web\/?p=43119"},"modified":"2023-03-22T13:34:30","modified_gmt":"2023-03-22T16:34:30","slug":"intensa-busqueda-de-los-asesinos-de-un-camionero-de-villa-ocampo","status":"publish","type":"post","link":"https:\/\/infovera.com.ar\/web\/2023\/03\/21\/intensa-busqueda-de-los-asesinos-de-un-camionero-de-villa-ocampo\/","title":{"rendered":"Intensa b\u00fasqueda de los asesinos de un camionero de Villa Ocampo, ultimado a balazos en Chaco"},"content":{"rendered":"<p><strong>El ataque se produjo en la zona de Concepci\u00f3n del Bermejo. El chofer alcanz\u00f3 a evadirse de sus agresores. Pero falleci\u00f3 m\u00e1s tarde en el Hospital de Roque S\u00e1enz Pe\u00f1a. Buscan a los autores en provincias lim\u00edtrofes.<\/strong><\/p>\n<p>En la t\u00f3rrida siesta del martes, un camionero oriundo de Villa Ocampo fue baleado de muerte en un presunto intento de robo cuando circulaba por la zona de Concepci\u00f3n de Bermejo, en el oeste chaque\u00f1o.<\/p>\n<p>Fernando Francovich, de 32 a\u00f1os, alcanz\u00f3 a escapar en su cami\u00f3n, un Scania G-360, tras recibir tres balazos en su cuerpo. Malherido, sigui\u00f3 manejando su transporte hasta una estaci\u00f3n de servicio situada al margen de la colectora norte de la localidad, paralela a la ruta nacional 16.<\/p>\n<p>Francovich fue baleado en las piernas y en un brazo. Abri\u00f3 la puerta del cami\u00f3n y se desplom\u00f3 al suelo, cubierto de sangre, mientras los playeros de la expendedora de combustibles no daban cr\u00e9dito a lo que ve\u00edan.<\/p>\n<p>Fue trasladado al Hospital \u201c4 de Junio\u201d de S\u00e1enz Pe\u00f1a, desde donde finalmente se dio cuenta de su fallecimiento debido a las heridas de arma de fuego recibidas.<\/p>\n<p>Los atacantes, que se conduc\u00edan en una Ford Ranger de color blanco, emprendieronla huida hacia el pueblo de Avia Terai, en la misma provincia. Los investigadores de la polic\u00eda dieron en el habit\u00e1culo del cami\u00f3n con dinero, un cargador con municiones y una vaina servida.<\/p>\n<p><iframe loading=\"lazy\" title=\"Mataron a balazos a un camionero de Villa Ocampo en Chaco\" width=\"696\" height=\"392\" src=\"https:\/\/www.youtube.com\/embed\/U_V9gqSGEBI?feature=oembed\" frameborder=\"0\" allow=\"accelerometer; autoplay; clipboard-write; encrypted-media; gyroscope; picture-in-picture; web-share\" referrerpolicy=\"strict-origin-when-cross-origin\" allowfullscreen><\/iframe><\/p>\n<p><strong>Operativo cerrojo<\/strong><\/p>\n<p>Ante el suceso, desde el gobierno chaque\u00f1o se inform\u00f3 que se acompa\u00f1a la investigaci\u00f3n y b\u00fasqueda de los sujetos que dispararon contra el camionero. La ministra de Seguridad y Justicia, Gloria Zalazar, tom\u00f3 contacto con ministros de las provincias lim\u00edtrofes a los fines de detener a los sospechosos.<\/p>\n<p>Tras el hecho, la funcionaria se comunic\u00f3 con la Procuraci\u00f3n General de su provincia. Por jurisdicci\u00f3n, intervino el fiscal de S\u00e1enz Pe\u00f1a Gustavo Valero, quien solicit\u00f3 las primeras medidas para investigar lo ocurrido.<\/p>\n<p>\u201cLas divisiones de Investigaciones Complejas, el Cuerpo de Operaciones Especiales y Polic\u00eda Caminera trabajan como auxiliares de la Justicia para dar con las personas involucradas en el hecho. Tambi\u00e9n se dio un aviso de Alerta Roja para conjuntamente con las fuerzas federales para prevenir la salida de los sujetos de la provincia&#8221;, detall\u00f3 Zalazar a Diario Norte.<\/p>\n<p>Seg\u00fan explic\u00f3, tambi\u00e9n se puso en contacto con las autoridades de las carteras de Seguridad de las provincias de Salta, Santiago del Estero, Formosa, Corrientes y Santa Fe, a los fines de trabajar coordinadamente para detener a los sujetos.<\/p>\n","protected":false},"excerpt":{"rendered":"<p>El ataque se produjo en la zona de Concepci\u00f3n del Bermejo. El chofer alcanz\u00f3 a evadirse de sus agresores. Pero falleci\u00f3 m\u00e1s tarde en el Hospital de Roque S\u00e1enz Pe\u00f1a. Buscan a los autores en provincias lim\u00edtrofes. En la t\u00f3rrida siesta del martes, un camionero oriundo de Villa Ocampo fue baleado de muerte en un [&hellip;]<\/p>\n","protected":false},"author":3,"featured_media":43120,"comment_status":"closed","ping_status":"closed","sticky":false,"template":"","format":"standard","meta":{"_joinchat":[],"footnotes":""},"categories":[30,55],"tags":[],"class_list":{"0":"post-43119","1":"post","2":"type-post","3":"status-publish","4":"format-standard","5":"has-post-thumbnail","7":"category-policiales","8":"category-reconquista"},"_links":{"self":[{"href":"https:\/\/infovera.com.ar\/web\/wp-json\/wp\/v2\/posts\/43119","targetHints":{"allow":["GET"]}}],"collection":[{"href":"https:\/\/infovera.com.ar\/web\/wp-json\/wp\/v2\/posts"}],"about":[{"href":"https:\/\/infovera.com.ar\/web\/wp-json\/wp\/v2\/types\/post"}],"author":[{"embeddable":true,"href":"https:\/\/infovera.com.ar\/web\/wp-json\/wp\/v2\/users\/3"}],"replies":[{"embeddable":true,"href":"https:\/\/infovera.com.ar\/web\/wp-json\/wp\/v2\/comments?post=43119"}],"version-history":[{"count":0,"href":"https:\/\/infovera.com.ar\/web\/wp-json\/wp\/v2\/posts\/43119\/revisions"}],"wp:featuredmedia":[{"embeddable":true,"href":"https:\/\/infovera.com.ar\/web\/wp-json\/wp\/v2\/media\/43120"}],"wp:attachment":[{"href":"https:\/\/infovera.com.ar\/web\/wp-json\/wp\/v2\/media?parent=43119"}],"wp:term":[{"taxonomy":"category","embeddable":true,"href":"https:\/\/infovera.com.ar\/web\/wp-json\/wp\/v2\/categories?post=43119"},{"taxonomy":"post_tag","embeddable":true,"href":"https:\/\/infovera.com.ar\/web\/wp-json\/wp\/v2\/tags?post=43119"}],"curies":[{"name":"wp","href":"https:\/\/api.w.org\/{rel}","templated":true}]}}