{"id":43096,"date":"2023-03-20T20:49:02","date_gmt":"2023-03-20T23:49:02","guid":{"rendered":"https:\/\/infovera.com.ar\/web\/?p=43096"},"modified":"2023-03-27T13:20:54","modified_gmt":"2023-03-27T16:20:54","slug":"amra-evaluo-la-situacion-laboral","status":"publish","type":"post","link":"https:\/\/infovera.com.ar\/web\/2023\/03\/20\/amra-evaluo-la-situacion-laboral\/","title":{"rendered":"AMRA evalu\u00f3 la situaci\u00f3n y se declar\u00f3 en asamblea permanente"},"content":{"rendered":"<p><strong>Los profesionales de la salud adheridos a AMRA Seccional Norte realizaron una asamblea en el Hospital Regional con el fin de evaluar la situaci\u00f3n del sector, a partir del rechazo de la propuesta ofrecida por el gobierno provincial.<\/strong><\/p>\n<p>Si bien es cierto que la oferta salarial se deteriora progresivamente, los profesionales se sienten subestimados por el gobierno por cuanto se tiene la sensaci\u00f3n de que no se reconoce la tarea desarrollada durante la pandemia y ese menosprecio duele tanto como el efecto inflacionario en el bolsillo de los trabajadores.<\/p>\n<p>Ante el estado de la situaci\u00f3n en que se encuentra actualmente la negociaci\u00f3n es que se resolvi\u00f3 permanecer en &#8220;asamblea permanente&#8221; mientras se aguarda una nueva convocatoria y analizan los pasos a seguir, de no surgir una nueva propuesta que satisfaga al sector.<\/p>\n<p>Letyana Press<\/p>\n","protected":false},"excerpt":{"rendered":"<p>Los profesionales de la salud adheridos a AMRA Seccional Norte realizaron una asamblea en el Hospital Regional con el fin de evaluar la situaci\u00f3n del sector, a partir del rechazo de la propuesta ofrecida por el gobierno provincial. Si bien es cierto que la oferta salarial se deteriora progresivamente, los profesionales se sienten subestimados por [&hellip;]<\/p>\n","protected":false},"author":3,"featured_media":43097,"comment_status":"closed","ping_status":"closed","sticky":false,"template":"","format":"standard","meta":{"_joinchat":[],"footnotes":""},"categories":[53],"tags":[],"class_list":{"0":"post-43096","1":"post","2":"type-post","3":"status-publish","4":"format-standard","5":"has-post-thumbnail","7":"category-vera"},"_links":{"self":[{"href":"https:\/\/infovera.com.ar\/web\/wp-json\/wp\/v2\/posts\/43096","targetHints":{"allow":["GET"]}}],"collection":[{"href":"https:\/\/infovera.com.ar\/web\/wp-json\/wp\/v2\/posts"}],"about":[{"href":"https:\/\/infovera.com.ar\/web\/wp-json\/wp\/v2\/types\/post"}],"author":[{"embeddable":true,"href":"https:\/\/infovera.com.ar\/web\/wp-json\/wp\/v2\/users\/3"}],"replies":[{"embeddable":true,"href":"https:\/\/infovera.com.ar\/web\/wp-json\/wp\/v2\/comments?post=43096"}],"version-history":[{"count":0,"href":"https:\/\/infovera.com.ar\/web\/wp-json\/wp\/v2\/posts\/43096\/revisions"}],"wp:featuredmedia":[{"embeddable":true,"href":"https:\/\/infovera.com.ar\/web\/wp-json\/wp\/v2\/media\/43097"}],"wp:attachment":[{"href":"https:\/\/infovera.com.ar\/web\/wp-json\/wp\/v2\/media?parent=43096"}],"wp:term":[{"taxonomy":"category","embeddable":true,"href":"https:\/\/infovera.com.ar\/web\/wp-json\/wp\/v2\/categories?post=43096"},{"taxonomy":"post_tag","embeddable":true,"href":"https:\/\/infovera.com.ar\/web\/wp-json\/wp\/v2\/tags?post=43096"}],"curies":[{"name":"wp","href":"https:\/\/api.w.org\/{rel}","templated":true}]}}