{"id":43064,"date":"2023-03-17T21:27:05","date_gmt":"2023-03-18T00:27:05","guid":{"rendered":"https:\/\/infovera.com.ar\/web\/?p=43064"},"modified":"2023-03-17T21:27:05","modified_gmt":"2023-03-18T00:27:05","slug":"diputadas-provinciales-exigen-el-envio-de-pliegos-de-mujeres-para-la-renovacion-de-autoridades-del-mpa-y-el-sppdp","status":"publish","type":"post","link":"https:\/\/infovera.com.ar\/web\/2023\/03\/17\/diputadas-provinciales-exigen-el-envio-de-pliegos-de-mujeres-para-la-renovacion-de-autoridades-del-mpa-y-el-sppdp\/","title":{"rendered":"Diputadas provinciales exigen el env\u00edo de pliegos de mujeres para la renovaci\u00f3n de autoridades del MPA y el SPPDP"},"content":{"rendered":"<p>El conjunto de diputadas provinciales abajo firmantes, que integramos y representamos diferentes bloques pol\u00edticos de la C\u00e1mara de Diputados de Santa Fe, exigimos al Poder Ejecutivo el env\u00edo de pliegos de mujeres para la pr\u00f3xima renovaci\u00f3n de autoridades del Ministerio P\u00fablico de la Acusaci\u00f3n (MPA) y el Servicio P\u00fablico Provincial de la Defensa Penal (SPPDP).<\/p>\n<p>Desde la puesta en marcha del nuevo sistema de justicia penal todos los cargos gerenciales del MPA fueron siempre ocupados por varones.<br \/>\nEntendemos entonces, que para avanzar en un Poder Judicial m\u00e1s democr\u00e1tico y transparente resulta indispensable que exista una representaci\u00f3n igualitaria.<\/p>\n<p>De las entrevistas realizadas surgieron muchas mujeres aspirantes a ocupar los cargos que se renuevan en el MPA y en el SPPDP, completamente formadas en perspectiva de g\u00e9nero y preparadas para ser parte de las ternas. Y tal como indican los art\u00edculos 16, 17 y 18 del \u00a0cap\u00edtulo IV de la Ley de Paridad de G\u00e9nero dedicado al Poder Judicial, &#8220;los procedimientos de nombramientos de nuevos miembros atender\u00e1n de manera progresiva a posibilitar el cumplimiento del principio de paridad de g\u00e9nero y reflejar la diversidad de especialidad y procedencia regional&#8221;.<\/p>\n<p>Es imperioso que el Poder Ejecutivo est\u00e9 a la altura de las circunstancias y del momento hist\u00f3rico que vivimos por lo cual solicitamos arbitre todos los medios para llevar adelante la transformaci\u00f3n que necesitamos.<\/p>\n<p><em>Claudia Balagu\u00e9- Rosana Bellati &#8211; Paola Bravo- Matilde Bruera- Lionella Cattalini- Maria Laura Corgniali- Lucila De Ponti- Agustina Donnet &#8211; Clara Garc\u00eda &#8211; Erica Hynes- Gisel Mahmud- M\u00f3nica Peralta- Damaris Pacchiotti &#8211; Lorena Ulieldin<\/em><\/p>\n","protected":false},"excerpt":{"rendered":"<p>El conjunto de diputadas provinciales abajo firmantes, que integramos y representamos diferentes bloques pol\u00edticos de la C\u00e1mara de Diputados de Santa Fe, exigimos al Poder Ejecutivo el env\u00edo de pliegos de mujeres para la pr\u00f3xima renovaci\u00f3n de autoridades del Ministerio P\u00fablico de la Acusaci\u00f3n (MPA) y el Servicio P\u00fablico Provincial de la Defensa Penal (SPPDP). [&hellip;]<\/p>\n","protected":false},"author":3,"featured_media":17736,"comment_status":"closed","ping_status":"closed","sticky":false,"template":"","format":"standard","meta":{"_joinchat":[],"footnotes":""},"categories":[66],"tags":[],"class_list":{"0":"post-43064","1":"post","2":"type-post","3":"status-publish","4":"format-standard","5":"has-post-thumbnail","7":"category-politica"},"_links":{"self":[{"href":"https:\/\/infovera.com.ar\/web\/wp-json\/wp\/v2\/posts\/43064","targetHints":{"allow":["GET"]}}],"collection":[{"href":"https:\/\/infovera.com.ar\/web\/wp-json\/wp\/v2\/posts"}],"about":[{"href":"https:\/\/infovera.com.ar\/web\/wp-json\/wp\/v2\/types\/post"}],"author":[{"embeddable":true,"href":"https:\/\/infovera.com.ar\/web\/wp-json\/wp\/v2\/users\/3"}],"replies":[{"embeddable":true,"href":"https:\/\/infovera.com.ar\/web\/wp-json\/wp\/v2\/comments?post=43064"}],"version-history":[{"count":0,"href":"https:\/\/infovera.com.ar\/web\/wp-json\/wp\/v2\/posts\/43064\/revisions"}],"wp:featuredmedia":[{"embeddable":true,"href":"https:\/\/infovera.com.ar\/web\/wp-json\/wp\/v2\/media\/17736"}],"wp:attachment":[{"href":"https:\/\/infovera.com.ar\/web\/wp-json\/wp\/v2\/media?parent=43064"}],"wp:term":[{"taxonomy":"category","embeddable":true,"href":"https:\/\/infovera.com.ar\/web\/wp-json\/wp\/v2\/categories?post=43064"},{"taxonomy":"post_tag","embeddable":true,"href":"https:\/\/infovera.com.ar\/web\/wp-json\/wp\/v2\/tags?post=43064"}],"curies":[{"name":"wp","href":"https:\/\/api.w.org\/{rel}","templated":true}]}}