{"id":43041,"date":"2023-03-17T08:14:12","date_gmt":"2023-03-17T11:14:12","guid":{"rendered":"https:\/\/infovera.com.ar\/web\/?p=43041"},"modified":"2023-03-20T16:50:14","modified_gmt":"2023-03-20T19:50:14","slug":"imputaron-a-cuatro-cuatreros-pero-solo-le-dictaron-prision-preventiva-a-uno-de-ellos-al-resto-el-juez-los-mando-a-la-casa","status":"publish","type":"post","link":"https:\/\/infovera.com.ar\/web\/2023\/03\/17\/imputaron-a-cuatro-cuatreros-pero-solo-le-dictaron-prision-preventiva-a-uno-de-ellos-al-resto-el-juez-los-mando-a-la-casa\/","title":{"rendered":"Imputaron a cuatro cuatreros, pero solo le dictaron prisi\u00f3n preventiva a uno de ellos: &#8220;Al resto, el juez los mand\u00f3 a la casa&#8221;"},"content":{"rendered":"<p><strong>En la OGJ de Vera se realizaron las audiencias imputativas y de medidas cautelares para los acusados por el robo de hacienda a un firma ganadera ocurrido en La Gallareta.<\/strong><\/p>\n<p>El fiscal Leandro Benegas les atribuy\u00f3 a Alberto Micheloud, Luis Paiva, Marcelo Modesto Ocampo y Ra\u00fal G\u00f3mez, el delito de abigeato doblemente calificado por participar en el hecho sujetos con conocimiento de la actividad agropecuaria y por ser m\u00e1s de tres los involucrados, en concurso real con estelionato. &#8220;Son cuatro personas con conocimiento de la actividad rural, son peones de campo&#8221;, indic\u00f3.<\/p>\n<p>El funcionario solicit\u00f3 la prisi\u00f3n preventiva de todos los imputados, pero solo se les dict\u00f3 la misma a Micheloud, apuntado como cabecilla. Para el resto, el juez dispuso libertad con restricciones: &#8220;Los mand\u00f3 a la casa&#8221;, apunt\u00f3 el fiscal, que dijo que evaluar\u00e1 recurrir la medida, mostr\u00e1ndose claramente en desacuerdo.<\/p>\n<p>&#8220;El juez entendi\u00f3 que hay razones para creer que tuvieron participaci\u00f3n en el hecho, pero los mand\u00f3 a su casa en el entendimiento de que no entorpecer\u00e1n el proceso&#8221;, agreg\u00f3.<\/p>\n<div class=\"wp-playlist wp-audio-playlist wp-playlist-light\">\n\t\t\t<div class=\"wp-playlist-current-item\"><\/div>\n\t\t<audio controls=\"controls\" preload=\"none\" width=\"674\"\n\t\t\t><\/audio>\n\t<div class=\"wp-playlist-next\"><\/div>\n\t<div class=\"wp-playlist-prev\"><\/div>\n\t<noscript>\n\t<ol>\n\t\t<li><a href='https:\/\/infovera.com.ar\/web\/wp-content\/uploads\/2023\/03\/Nota-fiscal-Leando-Benegas.mp3'>Nota fiscal Leando Benegas<\/a><\/li>\t<\/ol>\n\t<\/noscript>\n\t<script type=\"application\/json\" class=\"wp-playlist-script\">{\"type\":\"audio\",\"tracklist\":true,\"tracknumbers\":true,\"images\":true,\"artists\":true,\"tracks\":[{\"src\":\"https:\/\/infovera.com.ar\/web\/wp-content\/uploads\/2023\/03\/Nota-fiscal-Leando-Benegas.mp3\",\"type\":\"audio\/mpeg\",\"title\":\"Nota fiscal Leando Benegas\",\"caption\":\"\",\"description\":\"\\\"Nota fiscal Leando Benegas\\\". \",\"meta\":{\"genre\":\"Blues\",\"year\":\"2023\",\"length_formatted\":\"7:49\"},\"image\":{\"src\":\"https:\/\/infovera.com.ar\/web\/wp-includes\/images\/media\/audio.svg\",\"width\":48,\"height\":64},\"thumb\":{\"src\":\"https:\/\/infovera.com.ar\/web\/wp-includes\/images\/media\/audio.svg\",\"width\":48,\"height\":64}}]}<\/script>\n<\/div>\n\t\n<p>La investigaci\u00f3n surgi\u00f3 por denuncia del encargado de la firma &#8220;La Tranquera SA&#8221; de La Gallareta, propiedad de Roberto y Wilson Marconi, en la que se\u00f1al\u00f3 la extracci\u00f3n de ganado de vacuno: fueron 53 animales vacunos de esa firma y otros 3 de otra firma.<\/p>\n<p>&#8220;Fueron arreados para poder ser ofrecidos y cargados en un cami\u00f3n, pero Los Pumas desarticularon el hecho ya que los ven\u00edan siguiendo. La hacienda est\u00e1 valuada en m\u00e1s de 6 o 7 millones de pesos, hizo un excelente trabajo el personal de la polic\u00eda rural. Hay un c\u00famulo importante de evidencia, hay tel\u00e9fonos secuestrados, hasta hace dos d\u00edas atr\u00e1s segu\u00edan apareciendo en el establecimiento animales que quedaron en el camino&#8221;, complet\u00f3 Benegas.<\/p>\n","protected":false},"excerpt":{"rendered":"<p>En la OGJ de Vera se realizaron las audiencias imputativas y de medidas cautelares para los acusados por el robo de hacienda a un firma ganadera ocurrido en La Gallareta. El fiscal Leandro Benegas les atribuy\u00f3 a Alberto Micheloud, Luis Paiva, Marcelo Modesto Ocampo y Ra\u00fal G\u00f3mez, el delito de abigeato doblemente calificado por participar [&hellip;]<\/p>\n","protected":false},"author":3,"featured_media":42957,"comment_status":"closed","ping_status":"closed","sticky":false,"template":"","format":"standard","meta":{"_joinchat":[],"footnotes":""},"categories":[30,53],"tags":[],"class_list":{"0":"post-43041","1":"post","2":"type-post","3":"status-publish","4":"format-standard","5":"has-post-thumbnail","7":"category-policiales","8":"category-vera"},"_links":{"self":[{"href":"https:\/\/infovera.com.ar\/web\/wp-json\/wp\/v2\/posts\/43041","targetHints":{"allow":["GET"]}}],"collection":[{"href":"https:\/\/infovera.com.ar\/web\/wp-json\/wp\/v2\/posts"}],"about":[{"href":"https:\/\/infovera.com.ar\/web\/wp-json\/wp\/v2\/types\/post"}],"author":[{"embeddable":true,"href":"https:\/\/infovera.com.ar\/web\/wp-json\/wp\/v2\/users\/3"}],"replies":[{"embeddable":true,"href":"https:\/\/infovera.com.ar\/web\/wp-json\/wp\/v2\/comments?post=43041"}],"version-history":[{"count":0,"href":"https:\/\/infovera.com.ar\/web\/wp-json\/wp\/v2\/posts\/43041\/revisions"}],"wp:featuredmedia":[{"embeddable":true,"href":"https:\/\/infovera.com.ar\/web\/wp-json\/wp\/v2\/media\/42957"}],"wp:attachment":[{"href":"https:\/\/infovera.com.ar\/web\/wp-json\/wp\/v2\/media?parent=43041"}],"wp:term":[{"taxonomy":"category","embeddable":true,"href":"https:\/\/infovera.com.ar\/web\/wp-json\/wp\/v2\/categories?post=43041"},{"taxonomy":"post_tag","embeddable":true,"href":"https:\/\/infovera.com.ar\/web\/wp-json\/wp\/v2\/tags?post=43041"}],"curies":[{"name":"wp","href":"https:\/\/api.w.org\/{rel}","templated":true}]}}