{"id":43004,"date":"2023-03-15T10:10:21","date_gmt":"2023-03-15T13:10:21","guid":{"rendered":"https:\/\/infovera.com.ar\/web\/?p=43004"},"modified":"2023-03-20T09:01:16","modified_gmt":"2023-03-20T12:01:16","slug":"retomaron-las-obras-en-la-terminal-de-omnibus-de-vera","status":"publish","type":"post","link":"https:\/\/infovera.com.ar\/web\/2023\/03\/15\/retomaron-las-obras-en-la-terminal-de-omnibus-de-vera\/","title":{"rendered":"Retomaron las obras en la Terminal de \u00d3mnibus de Vera"},"content":{"rendered":"<p><strong>Las obras en la Terminal de \u00d3mnibus de Vera se retomaron luego de casi 4 a\u00f1os de estancamiento y de que se anunciara se realizar\u00edan, siempre y cuando se consiguieran fondos externos al municipio.<\/strong><\/p>\n<p>A pesar del hermetismo oficial, varios vecinos expresaron a trav\u00e9s de sus redes sociales y con fotograf\u00edas el benepl\u00e1cito de la reactivaci\u00f3n de dicha obra, materia pendiente de varios gobiernos locales y que ha servido como caballito de batalla en cada elecci\u00f3n.<\/p>\n<p>En la sesi\u00f3n ordinaria del d\u00eda 6 de diciembre del 2022, los concejales de Vera aprobaron por mayor\u00eda (4 a 2), la solicitud de un aporte de m\u00e1s de $ 20 millones provenientes de Obras Menores de la Provincia, que se suman a otro pedido de fondos realizado en abril de ese mismo a\u00f1o, por un monto de $ 36 millones.<\/p>\n","protected":false},"excerpt":{"rendered":"<p>Las obras en la Terminal de \u00d3mnibus de Vera se retomaron luego de casi 4 a\u00f1os de estancamiento y de que se anunciara se realizar\u00edan, siempre y cuando se consiguieran fondos externos al municipio. A pesar del hermetismo oficial, varios vecinos expresaron a trav\u00e9s de sus redes sociales y con fotograf\u00edas el benepl\u00e1cito de la [&hellip;]<\/p>\n","protected":false},"author":3,"featured_media":43005,"comment_status":"closed","ping_status":"closed","sticky":false,"template":"","format":"standard","meta":{"_joinchat":[],"footnotes":""},"categories":[53],"tags":[],"class_list":{"0":"post-43004","1":"post","2":"type-post","3":"status-publish","4":"format-standard","5":"has-post-thumbnail","7":"category-vera"},"_links":{"self":[{"href":"https:\/\/infovera.com.ar\/web\/wp-json\/wp\/v2\/posts\/43004","targetHints":{"allow":["GET"]}}],"collection":[{"href":"https:\/\/infovera.com.ar\/web\/wp-json\/wp\/v2\/posts"}],"about":[{"href":"https:\/\/infovera.com.ar\/web\/wp-json\/wp\/v2\/types\/post"}],"author":[{"embeddable":true,"href":"https:\/\/infovera.com.ar\/web\/wp-json\/wp\/v2\/users\/3"}],"replies":[{"embeddable":true,"href":"https:\/\/infovera.com.ar\/web\/wp-json\/wp\/v2\/comments?post=43004"}],"version-history":[{"count":0,"href":"https:\/\/infovera.com.ar\/web\/wp-json\/wp\/v2\/posts\/43004\/revisions"}],"wp:featuredmedia":[{"embeddable":true,"href":"https:\/\/infovera.com.ar\/web\/wp-json\/wp\/v2\/media\/43005"}],"wp:attachment":[{"href":"https:\/\/infovera.com.ar\/web\/wp-json\/wp\/v2\/media?parent=43004"}],"wp:term":[{"taxonomy":"category","embeddable":true,"href":"https:\/\/infovera.com.ar\/web\/wp-json\/wp\/v2\/categories?post=43004"},{"taxonomy":"post_tag","embeddable":true,"href":"https:\/\/infovera.com.ar\/web\/wp-json\/wp\/v2\/tags?post=43004"}],"curies":[{"name":"wp","href":"https:\/\/api.w.org\/{rel}","templated":true}]}}