{"id":43001,"date":"2023-03-15T07:29:16","date_gmt":"2023-03-15T10:29:16","guid":{"rendered":"https:\/\/infovera.com.ar\/web\/?p=43001"},"modified":"2023-03-15T07:29:16","modified_gmt":"2023-03-15T10:29:16","slug":"la-energia-operada-por-la-epe-durante-marzo-registra-un-incremento-del-537","status":"publish","type":"post","link":"https:\/\/infovera.com.ar\/web\/2023\/03\/15\/la-energia-operada-por-la-epe-durante-marzo-registra-un-incremento-del-537\/","title":{"rendered":"La energ\u00eda operada por la EPE durante marzo registra un incremento del 53,7%"},"content":{"rendered":"<p>La Empresa Provincial de la Energ\u00eda (EPE), a trav\u00e9s de su Centro de Control de Operaciones, monitorea el estado de la red provincial y las variaciones en la demanda de la poblaci\u00f3n en el \u00e1mbito de su jurisdicci\u00f3n.<\/p>\n<p>El dato llamativo de los primeros 11 d\u00edas de marzo, en comparaci\u00f3n con igual per\u00edodo del a\u00f1o pasado, muestra un incremento de la energ\u00eda operada del 53,7%, sustentado, entre otros factores, en la utilizaci\u00f3n extraordinaria de la electricidad para climatizar ambientes.<\/p>\n<p>Durante el fin de semana, donde habitualmente la demanda disminuye, este s\u00e1bado y domingo marcaron un incremento del consumo de 90,4% y 93,9%, respectivamente, comparando con igual per\u00edodo del a\u00f1o pasado.<\/p>\n<p>Cabe destacar que, desde el viernes pasado y por cuarto d\u00eda consecutivo, la provincia de Santa Fe super\u00f3 marcas hist\u00f3ricas de demanda de potencia con 2.717 MW, incremento que se dio fundamentalmente por la demanda registrada en las ciudades de Rosario y Santa Fe. Tambi\u00e9n se anotaron ayer cifras in\u00e9ditas en el Sistema Argentino de Interconexi\u00f3n: 29.078 MW.<\/p>\n<p>Estos datos permiten inferir, entre otros elementos, la importancia de realizar una auditor\u00eda de la declaraci\u00f3n real de la potencia informada a esta distribuidora el\u00e9ctrica, con el objeto de adaptar las instalaciones a esa nueva realidad, fundamentalmente en los segmentos comerciales de altos consumos.<\/p>\n<p>Las autoridades de la EPE analizan esta situaci\u00f3n que, de persistir en el tiempo, redunda en exigencias exponenciales sobre la calidad de servicio, que se profundizan ante situaciones de esta naturaleza.<\/p>\n<p>Estos registros se dan durante el desarrollo de la novena ola de calor en el pa\u00eds, que impacta tambi\u00e9n en la provincia, en un contexto del tercer fen\u00f3meno anual consecutivo conocido como La Ni\u00f1a, con t\u00e9rmicas que superan los 40\u00b0C de temperatura.<\/p>\n","protected":false},"excerpt":{"rendered":"<p>La Empresa Provincial de la Energ\u00eda (EPE), a trav\u00e9s de su Centro de Control de Operaciones, monitorea el estado de la red provincial y las variaciones en la demanda de la poblaci\u00f3n en el \u00e1mbito de su jurisdicci\u00f3n. El dato llamativo de los primeros 11 d\u00edas de marzo, en comparaci\u00f3n con igual per\u00edodo del a\u00f1o [&hellip;]<\/p>\n","protected":false},"author":3,"featured_media":43002,"comment_status":"closed","ping_status":"closed","sticky":false,"template":"","format":"standard","meta":{"_joinchat":[],"footnotes":""},"categories":[60],"tags":[],"class_list":{"0":"post-43001","1":"post","2":"type-post","3":"status-publish","4":"format-standard","5":"has-post-thumbnail","7":"category-provinciales"},"_links":{"self":[{"href":"https:\/\/infovera.com.ar\/web\/wp-json\/wp\/v2\/posts\/43001","targetHints":{"allow":["GET"]}}],"collection":[{"href":"https:\/\/infovera.com.ar\/web\/wp-json\/wp\/v2\/posts"}],"about":[{"href":"https:\/\/infovera.com.ar\/web\/wp-json\/wp\/v2\/types\/post"}],"author":[{"embeddable":true,"href":"https:\/\/infovera.com.ar\/web\/wp-json\/wp\/v2\/users\/3"}],"replies":[{"embeddable":true,"href":"https:\/\/infovera.com.ar\/web\/wp-json\/wp\/v2\/comments?post=43001"}],"version-history":[{"count":0,"href":"https:\/\/infovera.com.ar\/web\/wp-json\/wp\/v2\/posts\/43001\/revisions"}],"wp:featuredmedia":[{"embeddable":true,"href":"https:\/\/infovera.com.ar\/web\/wp-json\/wp\/v2\/media\/43002"}],"wp:attachment":[{"href":"https:\/\/infovera.com.ar\/web\/wp-json\/wp\/v2\/media?parent=43001"}],"wp:term":[{"taxonomy":"category","embeddable":true,"href":"https:\/\/infovera.com.ar\/web\/wp-json\/wp\/v2\/categories?post=43001"},{"taxonomy":"post_tag","embeddable":true,"href":"https:\/\/infovera.com.ar\/web\/wp-json\/wp\/v2\/tags?post=43001"}],"curies":[{"name":"wp","href":"https:\/\/api.w.org\/{rel}","templated":true}]}}