{"id":42959,"date":"2023-03-10T15:05:39","date_gmt":"2023-03-10T18:05:39","guid":{"rendered":"https:\/\/infovera.com.ar\/web\/?p=42959"},"modified":"2023-03-10T16:08:34","modified_gmt":"2023-03-10T19:08:34","slug":"la-provincia-presento-una-nueva-oferta-salarial-a-los-profesionales-de-la-salud","status":"publish","type":"post","link":"https:\/\/infovera.com.ar\/web\/2023\/03\/10\/la-provincia-presento-una-nueva-oferta-salarial-a-los-profesionales-de-la-salud\/","title":{"rendered":"La provincia present\u00f3 una nueva oferta salarial a los profesionales de la salud"},"content":{"rendered":"<p><strong>Para la ministra del \u00e1rea, Sonia Martorano, se trata de una buena propuesta porque \u201ccontempla no s\u00f3lo lo salarial, sino tambi\u00e9n cuestiones relacionadas a cargos y estabilidad laboral\u201d.<\/strong><\/p>\n<p>Encabezada por la ministra de Salud, Sonia Martorano, se realiz\u00f3 este viernes el encuentro con los profesionales de la salud nucleados en SIPRUS y AMRA en el cual el gobierno provincial detall\u00f3 su nueva oferta salarial.<\/p>\n<p>La escala de aumentos ofrecida es de un 40% en tres tramos: un 22% al mes de marzo, un 10% al mes de mayo, y un 8% al mes de julio. La propuesta tambi\u00e9n incluye dos instancias de revisi\u00f3n para preservar el salario.<\/p>\n<p>Al t\u00e9rmino de la reuni\u00f3n, Martorano manifest\u00f3: \u201cNos reunimos con los gremios de la salud para expresarles esta nueva oferta salarial que totaliza un aumento del 40%, con la propuesta de una revisi\u00f3n en el mes de mayo de acuerdo a los \u00edndices inflacionarios y la convocatoria a nuevas paritarias a partir del 31 de julio. Esto en lo que tiene que ver con el incremento salarial.\u201d<\/p>\n<p>Asimismo, la funcionaria detall\u00f3 los aspectos cualitativos del ofrecimiento: \u201cHablamos de los pases a planta del personal que se incorpor\u00f3 a partir de diciembre de 2018, donde se hizo el anterior corte, en todas las modalidades de contrato. Esto se va a ir trabajando en las comisiones t\u00e9cnicas.\u201d<\/p>\n<p>\u201cEs una buena propuesta porque contempla no s\u00f3lo lo salarial, sino que se va a trabajar tambi\u00e9n en lo que respecta a cargos genuinos y a la estabilidad laboral de los agentes del sector\u201d, destac\u00f3.<\/p>\n<p>Consultada acerca de las pr\u00f3ximas acciones a seguir, la ministra indic\u00f3 que \u201ca partir del lunes los gremios estar\u00edan brindando toda la informaci\u00f3n que se ha adjuntado en planillas, con las remuneraciones de bolsillo, a las bases, y el mi\u00e9rcoles tendr\u00edamos una contestaci\u00f3n.\u201d<\/p>\n<p>Del encuentro tambi\u00e9n participaron, adem\u00e1s de representantes sindicales, funcionarias y funcionarios de los ministerios de Trabajo y Econom\u00eda de la provincia.<\/p>\n","protected":false},"excerpt":{"rendered":"<p>Para la ministra del \u00e1rea, Sonia Martorano, se trata de una buena propuesta porque \u201ccontempla no s\u00f3lo lo salarial, sino tambi\u00e9n cuestiones relacionadas a cargos y estabilidad laboral\u201d. Encabezada por la ministra de Salud, Sonia Martorano, se realiz\u00f3 este viernes el encuentro con los profesionales de la salud nucleados en SIPRUS y AMRA en el [&hellip;]<\/p>\n","protected":false},"author":3,"featured_media":42960,"comment_status":"closed","ping_status":"closed","sticky":false,"template":"","format":"standard","meta":{"_joinchat":[],"footnotes":""},"categories":[56],"tags":[],"class_list":{"0":"post-42959","1":"post","2":"type-post","3":"status-publish","4":"format-standard","5":"has-post-thumbnail","7":"category-destacados"},"_links":{"self":[{"href":"https:\/\/infovera.com.ar\/web\/wp-json\/wp\/v2\/posts\/42959","targetHints":{"allow":["GET"]}}],"collection":[{"href":"https:\/\/infovera.com.ar\/web\/wp-json\/wp\/v2\/posts"}],"about":[{"href":"https:\/\/infovera.com.ar\/web\/wp-json\/wp\/v2\/types\/post"}],"author":[{"embeddable":true,"href":"https:\/\/infovera.com.ar\/web\/wp-json\/wp\/v2\/users\/3"}],"replies":[{"embeddable":true,"href":"https:\/\/infovera.com.ar\/web\/wp-json\/wp\/v2\/comments?post=42959"}],"version-history":[{"count":0,"href":"https:\/\/infovera.com.ar\/web\/wp-json\/wp\/v2\/posts\/42959\/revisions"}],"wp:featuredmedia":[{"embeddable":true,"href":"https:\/\/infovera.com.ar\/web\/wp-json\/wp\/v2\/media\/42960"}],"wp:attachment":[{"href":"https:\/\/infovera.com.ar\/web\/wp-json\/wp\/v2\/media?parent=42959"}],"wp:term":[{"taxonomy":"category","embeddable":true,"href":"https:\/\/infovera.com.ar\/web\/wp-json\/wp\/v2\/categories?post=42959"},{"taxonomy":"post_tag","embeddable":true,"href":"https:\/\/infovera.com.ar\/web\/wp-json\/wp\/v2\/tags?post=42959"}],"curies":[{"name":"wp","href":"https:\/\/api.w.org\/{rel}","templated":true}]}}