{"id":42953,"date":"2023-03-10T15:39:56","date_gmt":"2023-03-10T18:39:56","guid":{"rendered":"https:\/\/infovera.com.ar\/web\/?p=42953"},"modified":"2023-03-14T11:18:10","modified_gmt":"2023-03-14T14:18:10","slug":"lorenzini-alego-violencia-moral-y-se-excuso-de-seguir-siendo-el-juez-del-concurso-de-vicentin","status":"publish","type":"post","link":"https:\/\/infovera.com.ar\/web\/2023\/03\/10\/lorenzini-alego-violencia-moral-y-se-excuso-de-seguir-siendo-el-juez-del-concurso-de-vicentin\/","title":{"rendered":"Lorenzini aleg\u00f3 \u201cviolencia moral\u201d y se excus\u00f3 de seguir siendo el juez del concurso de Vicentin"},"content":{"rendered":"<p><strong>El magistrado argument\u00f3 su decisi\u00f3n en razones de \u201cresguardo del decoro\u201d que exige la investidura. Remiti\u00f3 el expediente, sus incidentes y actuaciones conexas al Juzgado Civil y Comercial de la 3\u00b0 Nominaci\u00f3n de Reconquista, a cargo del Dr. Ramiro Avil\u00e9 Crespo.<\/strong><\/p>\n<p>En su descargo fechado este viernes, el juez Fabi\u00e1n Lorenzini resolvi\u00f3 excusarse de continuar entendiendo en el concurso preventivo de Vicentin, debido a que, motivado en supuestas decisiones reprochables durante su actuaci\u00f3n en el expediente, se solicit\u00f3 la apertura de un juicio pol\u00edtico en su contra ante la Corte Suprema de Justicia de Santa Fe por parte de un representante de acreedores.<\/p>\n<p>Sobre esa cuesti\u00f3n, dijo ser \u201cconsciente de mis deberes funcionales, pero no puedo soslayar la violencia moral que me genera dicho planteo, porque siento que me condiciona a la hora de continuar ejerciendo libremente la jurisdicci\u00f3n en este proceso tan relevante y complejo\u201d.<\/p>\n<p>El titular del Juzgado Civil y Comercial de la 2\u00ba Nominaci\u00f3n aclar\u00f3 que \u201cno se trata de una exquisitez ni de un recelo caprichoso que me impida escuchar cr\u00edticas u opiniones divergentes acerca de las decisiones adoptadas\u201d, y asegur\u00f3 que la prueba de ello est\u00e1 en que durante tres a\u00f1os que \u201ctuve el honor de ser el juez en este expediente, he sorteado numerosos pedidos de recusaci\u00f3n, planteos de incompetencia, cr\u00edticas y postulaciones de la m\u00e1s diversa \u00edndole jur\u00eddicas, pol\u00edticas y econ\u00f3micas\u201d.<\/p>\n<p><strong>\u201cAgresi\u00f3n desmedida\u201d<\/strong><\/p>\n<p>Pero, sostuvo que \u201cun pedido de juicio pol\u00edtico en las actuales circunstancias de alta sensibilidad, me expone en un grado que no me parece apropiado ni digno tolerar\u201d, y consider\u00f3 que implica una \u201cagresi\u00f3n desmedida\u201d que le gener\u00f3 la \u201cnecesidad de ponerme a disposici\u00f3n de quienes deben analizar aquel pedido\u201d, favoreciendo el pleno escrutinio de los fundamentos que pudiera esgrimir semejante planteo.<\/p>\n<p>A esa altura de su resoluci\u00f3n, el magistrado reconqu\u00edstense calific\u00f3 de \u201cindispensable\u201d remover cualquier condicionamiento que su continuidad en el caso Vicentin pudiera representar. \u201cMi propia conciencia como ciudadano, abogado y juez me impone esta decisi\u00f3n frente a la posibilidad de haber incurrido en acciones re\u00f1idas con el accionar que se esperaba de m\u00ed como servidor p\u00fablico\u201d, sentenci\u00f3.<\/p>\n<p>Luego, ofreci\u00f3 sus disculpas a los acreedores que aguardan pacientemente el tr\u00e1mite de este proceso y a las personas que trabajan para la concursada. \u201cEllas son quienes sufren estas situaciones como el eslab\u00f3n d\u00e9bil de la cadena. Son quienes acompa\u00f1aron el trajinar de este proceso, con empat\u00eda, comprensi\u00f3n y prudencia\u201d, reconoci\u00f3.<\/p>\n<p><strong>Retrospectiva<\/strong><\/p>\n<p>En una breve retrospectiva, el juez rese\u00f1\u00f3 que durante los \u00faltimos a\u00f1os \u201cintentamos administrar justicia en un proceso concursal de dimensiones nunca antes conocidas en la historia judicial de la Argentina\u201d. Respald\u00f3 su afirmaci\u00f3n en las m\u00e1s de 10.000 fojas del expediente, y en las propias manifestaciones de la Corte Suprema de Justicia.<\/p>\n<p>Para ilustrar la magnitud del conflicto, se permiti\u00f3 mostrar algunos indicadores. El pasivo verificado equivale al 11,45% del presupuesto aprobado para la Administraci\u00f3n P\u00fablica de la Provincia de Santa Fe para el a\u00f1o 2022; tomando en cuenta el presupuesto del a\u00f1o 2020 (cuando Vicentin se present\u00f3 en concurso preventivo), representaba el 23,88% del mismo.<\/p>\n<p>Si se compara dicho pasivo verificado ($ 97.448.330.899,61), con el presupuesto ejecutado de la Corte Suprema de Justicia de Santa Fe para el a\u00f1o 2020 ($ 16.308.200.582), este \u00faltimo es el que equivale al 16,73% de la deuda concursal;<\/p>\n<p>El mismo ejercicio comparativo con el a\u00f1o 2021, muestra que el presupuesto total ejecutado por el Poder Judicial de Santa Fe durante ese per\u00edodo de tiempo ($26.530.188.138) equivale al 27,22% de la deuda de Vicentin.<\/p>\n<p>La deuda concursal expresada en pesos, hubiera permitido construir 38,9 centros de salud de alta complejidad semejantes al Hospital P\u00fablico de la Provincia de Santa Fe para la ciudad de Reconquista y norte de Santa Fe.<\/p>\n<p>&nbsp;<\/p>\n","protected":false},"excerpt":{"rendered":"<p>El magistrado argument\u00f3 su decisi\u00f3n en razones de \u201cresguardo del decoro\u201d que exige la investidura. Remiti\u00f3 el expediente, sus incidentes y actuaciones conexas al Juzgado Civil y Comercial de la 3\u00b0 Nominaci\u00f3n de Reconquista, a cargo del Dr. Ramiro Avil\u00e9 Crespo. En su descargo fechado este viernes, el juez Fabi\u00e1n Lorenzini resolvi\u00f3 excusarse de continuar [&hellip;]<\/p>\n","protected":false},"author":3,"featured_media":6688,"comment_status":"closed","ping_status":"closed","sticky":false,"template":"","format":"standard","meta":{"_joinchat":[],"footnotes":""},"categories":[55],"tags":[],"class_list":{"0":"post-42953","1":"post","2":"type-post","3":"status-publish","4":"format-standard","5":"has-post-thumbnail","7":"category-reconquista"},"_links":{"self":[{"href":"https:\/\/infovera.com.ar\/web\/wp-json\/wp\/v2\/posts\/42953","targetHints":{"allow":["GET"]}}],"collection":[{"href":"https:\/\/infovera.com.ar\/web\/wp-json\/wp\/v2\/posts"}],"about":[{"href":"https:\/\/infovera.com.ar\/web\/wp-json\/wp\/v2\/types\/post"}],"author":[{"embeddable":true,"href":"https:\/\/infovera.com.ar\/web\/wp-json\/wp\/v2\/users\/3"}],"replies":[{"embeddable":true,"href":"https:\/\/infovera.com.ar\/web\/wp-json\/wp\/v2\/comments?post=42953"}],"version-history":[{"count":0,"href":"https:\/\/infovera.com.ar\/web\/wp-json\/wp\/v2\/posts\/42953\/revisions"}],"wp:featuredmedia":[{"embeddable":true,"href":"https:\/\/infovera.com.ar\/web\/wp-json\/wp\/v2\/media\/6688"}],"wp:attachment":[{"href":"https:\/\/infovera.com.ar\/web\/wp-json\/wp\/v2\/media?parent=42953"}],"wp:term":[{"taxonomy":"category","embeddable":true,"href":"https:\/\/infovera.com.ar\/web\/wp-json\/wp\/v2\/categories?post=42953"},{"taxonomy":"post_tag","embeddable":true,"href":"https:\/\/infovera.com.ar\/web\/wp-json\/wp\/v2\/tags?post=42953"}],"curies":[{"name":"wp","href":"https:\/\/api.w.org\/{rel}","templated":true}]}}