{"id":42929,"date":"2023-03-09T09:39:13","date_gmt":"2023-03-09T12:39:13","guid":{"rendered":"https:\/\/infovera.com.ar\/web\/?p=42929"},"modified":"2023-03-10T16:14:23","modified_gmt":"2023-03-10T19:14:23","slug":"paritaria-estatal-el-gobierno-ofrecio-un-incremento-del-40-al-mes-de-julio-de-2023-en-tres-tramos","status":"publish","type":"post","link":"https:\/\/infovera.com.ar\/web\/2023\/03\/09\/paritaria-estatal-el-gobierno-ofrecio-un-incremento-del-40-al-mes-de-julio-de-2023-en-tres-tramos\/","title":{"rendered":"Paritaria estatal: el gobierno ofreci\u00f3 un incremento del 40% al mes de julio de 2023 en tres tramos"},"content":{"rendered":"<p><strong>El gobierno de la provincia mantuvo este jueves una nueva reuni\u00f3n paritaria con los gremios representantes de los trabajadores estatales, ATE y UPCN a quienes formul\u00f3 una propuesta salarial.<\/strong><\/p>\n<p>Tras el encuentro, el ministro de Trabajo, Juan Manuel Pusineri afirm\u00f3: \u201cEn t\u00e9rminos generales la propuesta que acerc\u00f3 el gobierno de la provincia en lo salarial es de un incremento del 40% al mes de julio de 2023 en tres tramos: en marzo 22%; mayo 10% y julio 8%&#8221;.<\/p>\n<p>&#8220;A su vez, introducimos dos cl\u00e1usulas para mantener la relaci\u00f3n salario \u2013 inflaci\u00f3n: la primera \u201cde garant\u00eda o ajuste autom\u00e1tico\u201d que se va a producir cuando se comparen los haberes al mes de mayo con la inflaci\u00f3n al mes de mayo y si existe una diferencia en menos para los salarios, ser\u00e1 ajustada autom\u00e1ticamente&#8221;, agreg\u00f3 Pusineri.<\/p>\n<p>Por \u00faltimo, el ministro asegur\u00f3: &#8220;La segunda clausula ser\u00e1 la reapertura del proceso paritario que fijamos en el 31 de julio del corriente a\u00f1o\u201d, finaliz\u00f3.<\/p>\n","protected":false},"excerpt":{"rendered":"<p>El gobierno de la provincia mantuvo este jueves una nueva reuni\u00f3n paritaria con los gremios representantes de los trabajadores estatales, ATE y UPCN a quienes formul\u00f3 una propuesta salarial. Tras el encuentro, el ministro de Trabajo, Juan Manuel Pusineri afirm\u00f3: \u201cEn t\u00e9rminos generales la propuesta que acerc\u00f3 el gobierno de la provincia en lo salarial [&hellip;]<\/p>\n","protected":false},"author":3,"featured_media":16624,"comment_status":"closed","ping_status":"closed","sticky":false,"template":"","format":"standard","meta":{"_joinchat":[],"footnotes":""},"categories":[60],"tags":[],"class_list":{"0":"post-42929","1":"post","2":"type-post","3":"status-publish","4":"format-standard","5":"has-post-thumbnail","7":"category-provinciales"},"_links":{"self":[{"href":"https:\/\/infovera.com.ar\/web\/wp-json\/wp\/v2\/posts\/42929","targetHints":{"allow":["GET"]}}],"collection":[{"href":"https:\/\/infovera.com.ar\/web\/wp-json\/wp\/v2\/posts"}],"about":[{"href":"https:\/\/infovera.com.ar\/web\/wp-json\/wp\/v2\/types\/post"}],"author":[{"embeddable":true,"href":"https:\/\/infovera.com.ar\/web\/wp-json\/wp\/v2\/users\/3"}],"replies":[{"embeddable":true,"href":"https:\/\/infovera.com.ar\/web\/wp-json\/wp\/v2\/comments?post=42929"}],"version-history":[{"count":0,"href":"https:\/\/infovera.com.ar\/web\/wp-json\/wp\/v2\/posts\/42929\/revisions"}],"wp:featuredmedia":[{"embeddable":true,"href":"https:\/\/infovera.com.ar\/web\/wp-json\/wp\/v2\/media\/16624"}],"wp:attachment":[{"href":"https:\/\/infovera.com.ar\/web\/wp-json\/wp\/v2\/media?parent=42929"}],"wp:term":[{"taxonomy":"category","embeddable":true,"href":"https:\/\/infovera.com.ar\/web\/wp-json\/wp\/v2\/categories?post=42929"},{"taxonomy":"post_tag","embeddable":true,"href":"https:\/\/infovera.com.ar\/web\/wp-json\/wp\/v2\/tags?post=42929"}],"curies":[{"name":"wp","href":"https:\/\/api.w.org\/{rel}","templated":true}]}}