{"id":42920,"date":"2023-03-08T21:30:21","date_gmt":"2023-03-09T00:30:21","guid":{"rendered":"https:\/\/infovera.com.ar\/web\/?p=42920"},"modified":"2023-03-08T21:30:21","modified_gmt":"2023-03-09T00:30:21","slug":"cta-departamental-se-reunio-por-el-dia-de-la-mujer","status":"publish","type":"post","link":"https:\/\/infovera.com.ar\/web\/2023\/03\/08\/cta-departamental-se-reunio-por-el-dia-de-la-mujer\/","title":{"rendered":"CTA Departamental se reuni\u00f3 por el D\u00eda de la Mujer"},"content":{"rendered":"<p style=\"font-weight: 400;\">Se desarroll\u00f3 en la Delegaci\u00f3n ATE de Vera una charla organizada por la CTA departamental, cuya principal referente Alicia Giansily ofici\u00f3 de anfitriona y present\u00f3 a las disertantes.<\/p>\n<p style=\"font-weight: 400;\">La charla estuvo a cargo de Nancy Villasboas y Ver\u00f3nica Blanco, como representante de Sadop y cont\u00f3 con la participaci\u00f3n de Nelcy Suligoy (Amsafe Vera), Luciana Radosevich (Corriente de la Militancia), Lourdes Ragusa (Movimiento Evita), el secretario de ATE seccional Vera, Daniel Ponce y mujeres referentes de los distintos sectores de la comunidad local.<\/p>\n<p style=\"font-weight: 400;\">\u201cNada que festejar pero s\u00ed debemos recordar que esta fecha se impuso en homenaje a las 129 mujeres que luchaban por sus derechos y murieron en el incendio de una f\u00e1brica textil en Nueva York\u201d, dijo Nancy Villasboas.<\/p>\n<p style=\"font-weight: 400;\">Por su parte, Ver\u00f3nica Blanco expres\u00f3 que \u201cdebemos repensar lo que hemos hecho como movimiento de mujeres y cuales son las cuestiones que a\u00fan siguen pendientes en el siglo 21, porque as\u00ed como hemos conquistado much\u00edsimo a\u00fan persisten las desigualdades en temas que la sociedad todav\u00eda no ha logrado resolver\u201d.<\/p>\n<p style=\"font-weight: 400;\">\u201cEs una matr\u00edz que viene desde lejos generando consecuencias negativas para las mujeres y por eso, de cara al futuro, como organizaci\u00f3n y parte de la lucha colectiva debemos generar debate y acordar los cursos de acci\u00f3n\u201d, agreg\u00f3.<\/p>\n<p>&nbsp;<\/p>\n<p><em>Letyana Press<\/em><\/p>\n","protected":false},"excerpt":{"rendered":"<p>Se desarroll\u00f3 en la Delegaci\u00f3n ATE de Vera una charla organizada por la CTA departamental, cuya principal referente Alicia Giansily ofici\u00f3 de anfitriona y present\u00f3 a las disertantes. La charla estuvo a cargo de Nancy Villasboas y Ver\u00f3nica Blanco, como representante de Sadop y cont\u00f3 con la participaci\u00f3n de Nelcy Suligoy (Amsafe Vera), Luciana Radosevich [&hellip;]<\/p>\n","protected":false},"author":3,"featured_media":42921,"comment_status":"closed","ping_status":"closed","sticky":false,"template":"","format":"standard","meta":{"_joinchat":[],"footnotes":""},"categories":[51],"tags":[],"class_list":{"0":"post-42920","1":"post","2":"type-post","3":"status-publish","4":"format-standard","5":"has-post-thumbnail","7":"category-locales"},"_links":{"self":[{"href":"https:\/\/infovera.com.ar\/web\/wp-json\/wp\/v2\/posts\/42920","targetHints":{"allow":["GET"]}}],"collection":[{"href":"https:\/\/infovera.com.ar\/web\/wp-json\/wp\/v2\/posts"}],"about":[{"href":"https:\/\/infovera.com.ar\/web\/wp-json\/wp\/v2\/types\/post"}],"author":[{"embeddable":true,"href":"https:\/\/infovera.com.ar\/web\/wp-json\/wp\/v2\/users\/3"}],"replies":[{"embeddable":true,"href":"https:\/\/infovera.com.ar\/web\/wp-json\/wp\/v2\/comments?post=42920"}],"version-history":[{"count":0,"href":"https:\/\/infovera.com.ar\/web\/wp-json\/wp\/v2\/posts\/42920\/revisions"}],"wp:featuredmedia":[{"embeddable":true,"href":"https:\/\/infovera.com.ar\/web\/wp-json\/wp\/v2\/media\/42921"}],"wp:attachment":[{"href":"https:\/\/infovera.com.ar\/web\/wp-json\/wp\/v2\/media?parent=42920"}],"wp:term":[{"taxonomy":"category","embeddable":true,"href":"https:\/\/infovera.com.ar\/web\/wp-json\/wp\/v2\/categories?post=42920"},{"taxonomy":"post_tag","embeddable":true,"href":"https:\/\/infovera.com.ar\/web\/wp-json\/wp\/v2\/tags?post=42920"}],"curies":[{"name":"wp","href":"https:\/\/api.w.org\/{rel}","templated":true}]}}