{"id":42915,"date":"2023-03-08T13:56:28","date_gmt":"2023-03-08T16:56:28","guid":{"rendered":"https:\/\/infovera.com.ar\/web\/?p=42915"},"modified":"2023-03-08T13:59:08","modified_gmt":"2023-03-08T16:59:08","slug":"ambiente-y-cambio-climatico-libero-a-un-gato-montes-dos-zorros-grises-y-tres-carpinchos","status":"publish","type":"post","link":"https:\/\/infovera.com.ar\/web\/2023\/03\/08\/ambiente-y-cambio-climatico-libero-a-un-gato-montes-dos-zorros-grises-y-tres-carpinchos\/","title":{"rendered":"El Ministerio de Ambiente y Cambio Clim\u00e1tico liber\u00f3 a un gato mont\u00e9s, dos zorros grises y tres carpinchos"},"content":{"rendered":"<p>El Ministerio de Ambiente y Cambio Clim\u00e1tico de la provincia liber\u00f3 a un gato mont\u00e9s, dos zorros grises y tres carpinchos que hab\u00edan sido ingresados por diferentes motivos en el Centro de Rescate e Interpretaci\u00f3n de Fauna La Esmeralda donde, luego de los trabajos de rehabilitaci\u00f3n correspondientes por el equipo de profesionales, los ejemplares pudieron ser reinsertados en su h\u00e1bitat.<\/p>\n<p>En ese marco, la titular de la cartera, \u00c9rika Gonnet, destac\u00f3 que la liberaci\u00f3n de los ejemplares aut\u00f3ctonos realizada este martes se dio gracias a \u201cun trabajo conjunto con el equipo de Parque Nacional Islas de Santa Fe, a trav\u00e9s del presidente de la Administraci\u00f3n de Parques Nacionales, Federico Granato, en articulaci\u00f3n permanente con el Centro de Rescate La Esmeralda\u201d.<\/p>\n<p>La actividad se desarroll\u00f3 en la zona de ampliaci\u00f3n del Parque Nacional Islas de Santa Fe, donde a trav\u00e9s del proyecto del gobierno provincial se busca avanzar en mayor conservaci\u00f3n para la regi\u00f3n, pasando de las 4.096 hect\u00e1reas actuales a m\u00e1s de 10 mil hect\u00e1reas. \u201cLa iniciativa ya fue aprobada por la legislatura santafesina y actualmente se encuentra en el Congreso de la Naci\u00f3n\u201d, destac\u00f3 la ministra.<\/p>\n<p>Por su parte, el presidente del Parque Nacional Islas de Santa Fe, Guillermo Lier, resalt\u00f3 que en la isla donde se dio la liberaci\u00f3n \u201ces una zona muy castigada por los incendios que tuvimos y la fauna obviamente lo sufri\u00f3. La fauna est\u00e1 toda interconectada, as\u00ed que todo lo que hagamos para mejorar el ambiente alrededor del Parque tambi\u00e9n redunda en un beneficio para este espacio. Lo que se pueda hacer para restaurar el estado natural de estos ambientes, est\u00e1 bueno\u201d, remarc\u00f3.<\/p>\n<p><strong>LA HISTORIA<\/strong><\/p>\n<p>\u201cEl gato mont\u00e9s ingres\u00f3 al Centro de Rescate por entrega de un guardaparques del Parque Nacional Islas de Santa Fe, con una fractura de mand\u00edbula. Fue sometido a una cirug\u00eda de recomposici\u00f3n del maxilar. Luego se realiz\u00f3 un proceso de rehabilitaci\u00f3n f\u00edsica y conductual exitoso, quedando en condiciones para ser reintroducido a su h\u00e1bitat natural\u201d, explic\u00f3 el veterinario del Centro de Rescate e Interpretaci\u00f3n de Fauna La Esmeralda, Pablo Siroski.<\/p>\n<p>El m\u00e9dico agreg\u00f3 que \u201clos tres carpinchos provienen de diferentes situaciones de mascotismo, y los zorros pampa, que ingresaron con 20 d\u00edas de vida en agosto de 2022, atravesaron una situaci\u00f3n parecida\u201d.<\/p>\n<p>Sobre los \u00faltimos ampli\u00f3: \u201cTuvimos la desgracia de que hayan matado a la madre y recibimos los dos ejemplares cuando eran muy chiquitos. Despu\u00e9s de un proceso de mucho cuidado y tratando de no ponerles ning\u00fan tipo de impronta, pudimos liberarlos\u201d.<\/p>\n<p><strong>PRESENTES<\/strong><\/p>\n<p>De la actividad participaron la subsecretar\u00eda de Protecci\u00f3n a la Naturaleza, Josefina Obeid; la directora provincial de Conservaci\u00f3n y Regeneraci\u00f3n, Clara Mitchell; y personal de la Guardia Rural Los Pumas y de Parques Nacionales<\/p>\n","protected":false},"excerpt":{"rendered":"<p>El Ministerio de Ambiente y Cambio Clim\u00e1tico de la provincia liber\u00f3 a un gato mont\u00e9s, dos zorros grises y tres carpinchos que hab\u00edan sido ingresados por diferentes motivos en el Centro de Rescate e Interpretaci\u00f3n de Fauna La Esmeralda donde, luego de los trabajos de rehabilitaci\u00f3n correspondientes por el equipo de profesionales, los ejemplares pudieron [&hellip;]<\/p>\n","protected":false},"author":3,"featured_media":42918,"comment_status":"closed","ping_status":"closed","sticky":false,"template":"","format":"standard","meta":{"_joinchat":[],"footnotes":""},"categories":[60],"tags":[],"class_list":{"0":"post-42915","1":"post","2":"type-post","3":"status-publish","4":"format-standard","5":"has-post-thumbnail","7":"category-provinciales"},"_links":{"self":[{"href":"https:\/\/infovera.com.ar\/web\/wp-json\/wp\/v2\/posts\/42915","targetHints":{"allow":["GET"]}}],"collection":[{"href":"https:\/\/infovera.com.ar\/web\/wp-json\/wp\/v2\/posts"}],"about":[{"href":"https:\/\/infovera.com.ar\/web\/wp-json\/wp\/v2\/types\/post"}],"author":[{"embeddable":true,"href":"https:\/\/infovera.com.ar\/web\/wp-json\/wp\/v2\/users\/3"}],"replies":[{"embeddable":true,"href":"https:\/\/infovera.com.ar\/web\/wp-json\/wp\/v2\/comments?post=42915"}],"version-history":[{"count":0,"href":"https:\/\/infovera.com.ar\/web\/wp-json\/wp\/v2\/posts\/42915\/revisions"}],"wp:featuredmedia":[{"embeddable":true,"href":"https:\/\/infovera.com.ar\/web\/wp-json\/wp\/v2\/media\/42918"}],"wp:attachment":[{"href":"https:\/\/infovera.com.ar\/web\/wp-json\/wp\/v2\/media?parent=42915"}],"wp:term":[{"taxonomy":"category","embeddable":true,"href":"https:\/\/infovera.com.ar\/web\/wp-json\/wp\/v2\/categories?post=42915"},{"taxonomy":"post_tag","embeddable":true,"href":"https:\/\/infovera.com.ar\/web\/wp-json\/wp\/v2\/tags?post=42915"}],"curies":[{"name":"wp","href":"https:\/\/api.w.org\/{rel}","templated":true}]}}