{"id":42906,"date":"2023-03-08T11:25:18","date_gmt":"2023-03-08T14:25:18","guid":{"rendered":"https:\/\/infovera.com.ar\/web\/?p=42906"},"modified":"2023-03-09T09:42:03","modified_gmt":"2023-03-09T12:42:03","slug":"vialidad-nacional-reprogramo-la-licitacion-de-obras-para-la-ruta-11","status":"publish","type":"post","link":"https:\/\/infovera.com.ar\/web\/2023\/03\/08\/vialidad-nacional-reprogramo-la-licitacion-de-obras-para-la-ruta-11\/","title":{"rendered":"Vialidad Nacional reprogram\u00f3 la licitaci\u00f3n de obras para la ruta 11"},"content":{"rendered":"<p><strong>El organismo vial estableci\u00f3 el 24 de abril como la nueva fecha para licitar la repavimentaci\u00f3n completa de la Ruta Nacional N\u00ba 11 desde Santa Fe hasta Gobernador Crespo.<\/strong><\/p>\n<p>La reprogramaci\u00f3n de la apertura de ofertas, originalmente prevista para el 9 de marzo, obedece al pedido de las empresas para contar con un mayor tiempo que les permita ajustar mejor sus cotizaciones. El contrato a licitar comprende la recuperaci\u00f3n completa de 154 kil\u00f3metros del corredor, incluidas las traves\u00edas urbanas y la Circunvalaci\u00f3n Oeste de la capital provincial, bajo un monto de referencia estimado en $ 13.590 millones.<\/p>\n<p>El Ministerio de Obras P\u00fablicas de la Naci\u00f3n, por intermedio de Vialidad Nacional, atendi\u00f3 la solicitud de varias empresas interesadas en participar de la licitaci\u00f3n de obras integrales de bacheo y repavimentaci\u00f3n de la Ruta Nacional N\u00ba 11 desde Santa Fe hasta Gobernador Crespo. El pedido de los posibles oferentes requer\u00eda un mayor plazo para la apertura de sobres con la finalidad de cotizar mejor sus propuestas. El requerimiento se enmarca en la importancia del contrato a licitar, que estar\u00e1 cerca de los $ 13.590 millones, con dos a\u00f1os de ejecuci\u00f3n de las obras principales y cuatro a\u00f1os m\u00e1s de mantenimiento y conservaci\u00f3n, para llegar a un total de seis a\u00f1os de plazo.<\/p>\n<p>De este modo, el proyecto elaborado por el 7\u00ba Distrito Santa Fe, ser\u00e1 licitado el lunes 24 de abril, a las 10 de la ma\u00f1ana, mediante el sistema en l\u00ednea www.contratar.gob.ar. Cabe recordar que la fecha prevista en una primera instancia para la apertura de ofertas era el 9 de marzo.<\/p>\n<p>Respecto del proyecto a licitar vale mencionar que incluye tareas de bacheo, fresado y repavimentaci\u00f3n desde el intercambiador de RN 11 con RN A007 en la ciudad capital frente a CILSA, hasta el cruce con RP 39, en Crespo.<\/p>\n<p>Asimismo, se mejorar\u00e1n las traves\u00edas urbanas de Gobernador Candioti, Iriondo, Nelson, Llambi Campbell, Cabal, Emilia, Videla, San Justo, Marcelino Escalada, Ramay\u00f3n y Colonia Silva.<\/p>\n<p>Las intervenciones, programadas a lo largo de seis a\u00f1os de plazo total, comprender\u00e1n adem\u00e1s el corte de pasto, desmalezado, limpieza de la zona de camino y alcantarillas, reemplazo de barandas met\u00e1licas y refuerzo de la se\u00f1alizaci\u00f3n vertical y la demarcaci\u00f3n horizontal.<\/p>\n<p>En relaci\u00f3n con los otros tramos de la Ruta Nacional N\u00ba 11 bajo atenci\u00f3n de Vialidad Nacional se recuerda que en poco tiempo m\u00e1s se espera desde el 7\u00ba Distrito Santa Fe la firma del contrato e inicio de obras en el tramo entre Gobernador Crespo y Reconquista\/Avellaneda. Luego se continuar\u00eda con la firma del contrato de la licitaci\u00f3n adjudicada para el tramo entre Rosario y Santa Fe. En ambos casos se trata de contratos tipo \u201cModulares\u201d, de mantenimiento y conservaci\u00f3n, por dos a\u00f1os de plazo para atender la situaci\u00f3n de transitabilidad. Finalmente, se informa que para el trayecto entre Avellaneda y Resistencia (Chaco), con otro contrato tipo CReMa, comenz\u00f3 con las primeras acciones de conservaci\u00f3n el mes pasado.<\/p>\n","protected":false},"excerpt":{"rendered":"<p>El organismo vial estableci\u00f3 el 24 de abril como la nueva fecha para licitar la repavimentaci\u00f3n completa de la Ruta Nacional N\u00ba 11 desde Santa Fe hasta Gobernador Crespo. La reprogramaci\u00f3n de la apertura de ofertas, originalmente prevista para el 9 de marzo, obedece al pedido de las empresas para contar con un mayor tiempo [&hellip;]<\/p>\n","protected":false},"author":3,"featured_media":42909,"comment_status":"closed","ping_status":"closed","sticky":false,"template":"","format":"standard","meta":{"_joinchat":[],"footnotes":""},"categories":[60],"tags":[],"class_list":{"0":"post-42906","1":"post","2":"type-post","3":"status-publish","4":"format-standard","5":"has-post-thumbnail","7":"category-provinciales"},"_links":{"self":[{"href":"https:\/\/infovera.com.ar\/web\/wp-json\/wp\/v2\/posts\/42906","targetHints":{"allow":["GET"]}}],"collection":[{"href":"https:\/\/infovera.com.ar\/web\/wp-json\/wp\/v2\/posts"}],"about":[{"href":"https:\/\/infovera.com.ar\/web\/wp-json\/wp\/v2\/types\/post"}],"author":[{"embeddable":true,"href":"https:\/\/infovera.com.ar\/web\/wp-json\/wp\/v2\/users\/3"}],"replies":[{"embeddable":true,"href":"https:\/\/infovera.com.ar\/web\/wp-json\/wp\/v2\/comments?post=42906"}],"version-history":[{"count":0,"href":"https:\/\/infovera.com.ar\/web\/wp-json\/wp\/v2\/posts\/42906\/revisions"}],"wp:featuredmedia":[{"embeddable":true,"href":"https:\/\/infovera.com.ar\/web\/wp-json\/wp\/v2\/media\/42909"}],"wp:attachment":[{"href":"https:\/\/infovera.com.ar\/web\/wp-json\/wp\/v2\/media?parent=42906"}],"wp:term":[{"taxonomy":"category","embeddable":true,"href":"https:\/\/infovera.com.ar\/web\/wp-json\/wp\/v2\/categories?post=42906"},{"taxonomy":"post_tag","embeddable":true,"href":"https:\/\/infovera.com.ar\/web\/wp-json\/wp\/v2\/tags?post=42906"}],"curies":[{"name":"wp","href":"https:\/\/api.w.org\/{rel}","templated":true}]}}