{"id":42899,"date":"2023-03-08T11:06:42","date_gmt":"2023-03-08T14:06:42","guid":{"rendered":"https:\/\/infovera.com.ar\/web\/?p=42899"},"modified":"2023-03-09T09:43:00","modified_gmt":"2023-03-09T12:43:00","slug":"por-la-baja-productividad-del-girasol-cayeron-cerca-del-300-los-margenes-para-los-productores","status":"publish","type":"post","link":"https:\/\/infovera.com.ar\/web\/2023\/03\/08\/por-la-baja-productividad-del-girasol-cayeron-cerca-del-300-los-margenes-para-los-productores\/","title":{"rendered":"Por la baja productividad del girasol, cayeron cerca del 300 % los m\u00e1rgenes para los productores en el centro norte"},"content":{"rendered":"<p><strong>Informe especial sobre la campa\u00f1a 2022\/2023 en el centro norte santafesino.<\/strong><\/p>\n<p>La cosecha de girasol de la campa\u00f1a 2022\/23 en el centro-norte de la provincia de Santa Fe, se dio por finalizada los \u00faltimos d\u00edas de febrero. Los inconvenientes clim\u00e1ticos generaron importantes condicionamientos a toda la campa\u00f1a agr\u00edcola nacional, perjudicando notablemente a este cultivo en la zona.<\/p>\n<p>La superficie sembrada fue de 121.700 ha, un 17,6% por encima del ciclo previo y la producci\u00f3n final alcanzada en la regi\u00f3n de 183.375 tn, n\u00famero que represent\u00f3 una disminuci\u00f3n interanual de 11,2% (unas 23.200 tn menos)<\/p>\n<p>El Centro de Estudios y Servicios de la Bolsa de Comercio de Santa Fe elabor\u00f3 un informe en el que describe el panorama del ciclo productivo 2022-23; analiza, adem\u00e1s, el contexto internacional y, en particular, el resultado econ\u00f3mico promedio obtenido por los productores.<\/p>\n<p><a href=\"https:\/\/infovera.com.ar\/web\/wp-content\/uploads\/2023\/03\/rindes.jpg\"><img loading=\"lazy\" decoding=\"async\" class=\"alignleft size-full wp-image-42902\" src=\"https:\/\/infovera.com.ar\/web\/wp-content\/uploads\/2023\/03\/rindes.jpg\" alt=\"\" width=\"1183\" height=\"770\" srcset=\"https:\/\/infovera.com.ar\/web\/wp-content\/uploads\/2023\/03\/rindes.jpg 1183w, https:\/\/infovera.com.ar\/web\/wp-content\/uploads\/2023\/03\/rindes-696x453.jpg 696w, https:\/\/infovera.com.ar\/web\/wp-content\/uploads\/2023\/03\/rindes-1068x695.jpg 1068w, https:\/\/infovera.com.ar\/web\/wp-content\/uploads\/2023\/03\/rindes-645x420.jpg 645w\" sizes=\"auto, (max-width: 1183px) 100vw, 1183px\" \/><\/a><\/p>\n<p>La suba de costos que sufrieron los productores no fue compensada por la productividad obtenida ni por los precios del mercado. Cabe explicar, que los 15,1 qq\/ha como rendimiento promedio de la regi\u00f3n, fue un 24,5% menor al obtenido en la campa\u00f1a anterior y el valor m\u00e1s bajo de los doce \u00faltimos ciclos.<\/p>\n<p>El CES sostiene que los m\u00e1rgenes brutos estimados de los productores del centro-norte de Santa Fe evidenciaron \u201cca\u00eddas en promedio que oscilaron entre el 57,0 y 81,0% para campo propio y un 83,0% a 288,0% en el caso de campo arrendado. Incluso, en este \u00faltimo caso, los m\u00e1rgenes por hect\u00e1rea resultaron negativos.<\/p>\n<p>Informe completo:\u00a0<a href=\"https:\/\/infovera.com.ar\/web\/wp-content\/uploads\/2023\/03\/IE_2023_B.pdf\">IE_2023_B<\/a><\/p>\n<p><a href=\"https:\/\/infovera.com.ar\/web\/wp-content\/uploads\/2021\/06\/coop-1.png\"><img loading=\"lazy\" decoding=\"async\" class=\"alignleft size-full wp-image-21629\" src=\"https:\/\/infovera.com.ar\/web\/wp-content\/uploads\/2021\/06\/coop-1.png\" alt=\"\" width=\"769\" height=\"223\" srcset=\"https:\/\/infovera.com.ar\/web\/wp-content\/uploads\/2021\/06\/coop-1.png 769w, https:\/\/infovera.com.ar\/web\/wp-content\/uploads\/2021\/06\/coop-1-300x87.png 300w, https:\/\/infovera.com.ar\/web\/wp-content\/uploads\/2021\/06\/coop-1-696x202.png 696w\" sizes=\"auto, (max-width: 769px) 100vw, 769px\" \/><\/a><\/p>\n","protected":false},"excerpt":{"rendered":"<p>Informe especial sobre la campa\u00f1a 2022\/2023 en el centro norte santafesino. La cosecha de girasol de la campa\u00f1a 2022\/23 en el centro-norte de la provincia de Santa Fe, se dio por finalizada los \u00faltimos d\u00edas de febrero. Los inconvenientes clim\u00e1ticos generaron importantes condicionamientos a toda la campa\u00f1a agr\u00edcola nacional, perjudicando notablemente a este cultivo en [&hellip;]<\/p>\n","protected":false},"author":3,"featured_media":31997,"comment_status":"closed","ping_status":"closed","sticky":false,"template":"","format":"standard","meta":{"_joinchat":[],"footnotes":""},"categories":[51],"tags":[],"class_list":{"0":"post-42899","1":"post","2":"type-post","3":"status-publish","4":"format-standard","5":"has-post-thumbnail","7":"category-locales"},"_links":{"self":[{"href":"https:\/\/infovera.com.ar\/web\/wp-json\/wp\/v2\/posts\/42899","targetHints":{"allow":["GET"]}}],"collection":[{"href":"https:\/\/infovera.com.ar\/web\/wp-json\/wp\/v2\/posts"}],"about":[{"href":"https:\/\/infovera.com.ar\/web\/wp-json\/wp\/v2\/types\/post"}],"author":[{"embeddable":true,"href":"https:\/\/infovera.com.ar\/web\/wp-json\/wp\/v2\/users\/3"}],"replies":[{"embeddable":true,"href":"https:\/\/infovera.com.ar\/web\/wp-json\/wp\/v2\/comments?post=42899"}],"version-history":[{"count":0,"href":"https:\/\/infovera.com.ar\/web\/wp-json\/wp\/v2\/posts\/42899\/revisions"}],"wp:featuredmedia":[{"embeddable":true,"href":"https:\/\/infovera.com.ar\/web\/wp-json\/wp\/v2\/media\/31997"}],"wp:attachment":[{"href":"https:\/\/infovera.com.ar\/web\/wp-json\/wp\/v2\/media?parent=42899"}],"wp:term":[{"taxonomy":"category","embeddable":true,"href":"https:\/\/infovera.com.ar\/web\/wp-json\/wp\/v2\/categories?post=42899"},{"taxonomy":"post_tag","embeddable":true,"href":"https:\/\/infovera.com.ar\/web\/wp-json\/wp\/v2\/tags?post=42899"}],"curies":[{"name":"wp","href":"https:\/\/api.w.org\/{rel}","templated":true}]}}