{"id":42895,"date":"2023-03-07T17:01:35","date_gmt":"2023-03-07T20:01:35","guid":{"rendered":"https:\/\/infovera.com.ar\/web\/?p=42895"},"modified":"2023-03-07T17:01:35","modified_gmt":"2023-03-07T20:01:35","slug":"ordenaron-la-prision-preventiva-del-hombre-investigado-por-el-femicidio-de-alejandra-agustina-vargas-cometido-en-san-justo","status":"publish","type":"post","link":"https:\/\/infovera.com.ar\/web\/2023\/03\/07\/ordenaron-la-prision-preventiva-del-hombre-investigado-por-el-femicidio-de-alejandra-agustina-vargas-cometido-en-san-justo\/","title":{"rendered":"Ordenaron la prisi\u00f3n preventiva del hombre investigado por  el femicidio de Alejandra Agustina Vargas cometido en San Justo"},"content":{"rendered":"<p align=\"center\"><i>As\u00ed fue resuelto en una audiencia de medidas cautelares llevada a cabo esta ma\u00f1ana en los tribunales de la ciudad de Santa Fe. Tambi\u00e9n se dispuso la prisi\u00f3n preventiva del otro hombre investigado como coautor del hecho il\u00edcito.<\/i><\/p>\n<p>Quedaron en prisi\u00f3n preventiva los dos hombre a los que se investiga como coautores del homicidio calificado de Alejandra Agustina Vargas cometido en San Justo.<\/p>\n<p>As\u00ed fue resuelto por el juez Nicol\u00e1s Falkenberg a ra\u00edz del pedido formulado por el fiscal Francisco Cecchini en una audiencia de medidas cautelares llevada a cabo esta ma\u00f1ana en los tribunales de la ciudad de Santa Fe.<\/p>\n<p>Uno de\u00a0los imputados\u00a0tiene 23 a\u00f1os, sus iniciales son JFFO y era la pareja de la v\u00edctima. La otra persona investigada tiene 22 a\u00f1os\u00a0y\u00a0sus iniciales son LSP.<\/p>\n<p><b>Peligros procesales<\/b><\/p>\n<p>El fiscal Cecchini valor\u00f3 que \u201cel juez tuvo por acreditados los tres incisos que el art\u00edculo 220 del C\u00f3digo Procesal Penal de la provincia establece como requisitos para que proceda la prisi\u00f3n preventiva\u201d.<\/p>\n<p>\u201cEn la audiencia, el magistrado sostuvo que las evidencias aportadas por la Fiscal\u00eda son suficientes para sostener \u2013a esta altura de la investigaci\u00f3n\u2013 la autor\u00eda del il\u00edcito por parte de los dos imputados\u201d, remarc\u00f3 el fiscal. \u201cTambi\u00e9n se refiri\u00f3 a la pena en expectativa y consider\u00f3 que, a ra\u00edz de la imputaci\u00f3n que atribuimos desde la Fiscal\u00eda, se tratar\u00eda de la pena de prisi\u00f3n perpetua\u201d, destac\u00f3 Cecchini.<\/p>\n<p>En cuanto a la posibilidad de entorpecimiento probatorio y al riesgo de fuga, el representante del MPA dijo que \u201cel juez hizo lugar a nuestros argumentos y consider\u00f3 que ambos peligros procesales est\u00e1n latentes\u201d.<\/p>\n<p>Por otra parte, el fiscal plante\u00f3 que \u201chay varias diligencias ya ordenadas que tienen que llevarse a cabo en estos d\u00edas\u201d y adelant\u00f3 que \u201c,entre otras medidas, ma\u00f1ana se realizar\u00e1n las entrevistas en C\u00e1mara Gesell a los dos hijos de la v\u00edctima, quienes estaban en la vivienda cuando le quitaron la vida a su madre\u201d.<\/p>\n<p><b>Con un cable<\/b><\/p>\n<p>El femicidio de Vargas fue cometido entre las 6:00 y las 8:00 de la ma\u00f1ana del mi\u00e9rcoles de la semana pasada en una vivienda ubicada en calle Enrique Rodr\u00edguez al 2.100.<\/p>\n<p>\u201cLa v\u00edctima estaba dormida y los imputados le colocaron un cable alrededor del cuello\u201d, relat\u00f3 la Fiscal\u00eda. \u201cLos dos hombres actuaron de acuerdo a un plan previo y se distribuyeron las tareas que realiz\u00f3 cada uno con el objetivo de quitarle la vida a la mujer\u201d.<\/p>\n<p>El MPA precis\u00f3 que\u00a0\u201cen uno de los extremos del cable realizaron un nudo, la otra punta la ataron a un parante del techo de la casa y dejaron a la mujer colgada, lo cual le provoc\u00f3 la muerte por asfixia por ahorcamiento\u201d.<\/p>\n<p>El MPA plante\u00f3 que \u201cpara quitarle la vida a la mujer,\u00a0quien era\u00a0su pareja y el otro hombre investigado actuaron sobre seguro, sin riesgos para s\u00ed mismos y aprovechando el estado de absoluta indefensi\u00f3n en el que estaba ella debido a que estaba acostada durmiendo\u201d.<\/p>\n<p>&nbsp;<\/p>\n<p><b>Calificaci\u00f3n penal<\/b><\/p>\n<p>Al hombre que era la pareja de la v\u00edctima, se lo investiga como coautor\u00a0del delito de\u00a0homicidio calificado por el v\u00ednculo; por ser cometido con alevos\u00eda y por ser perpetrado por un hombre contra una mujer en contexto de violencia de g\u00e9nero\u00a0(femicidio)<\/p>\n<p>Por su parte, al otro hombre se le atribuy\u00f3 la coautor\u00eda del delito de homicidio calificado por ser cometido con alevos\u00eda.<\/p>\n<p>&nbsp;<\/p>\n<p><em><strong>NOTA AL FISCAL CECCHINI<\/strong><\/em><\/p>\n<audio class=\"wp-audio-shortcode\" id=\"audio-42895-1\" preload=\"none\" style=\"width: 100%;\" controls=\"controls\"><source type=\"audio\/ogg\" src=\"https:\/\/infovera.com.ar\/web\/wp-content\/uploads\/2023\/03\/Fiscal-Francisco-Cecchini-preventiva.ogg?_=1\" \/><a href=\"https:\/\/infovera.com.ar\/web\/wp-content\/uploads\/2023\/03\/Fiscal-Francisco-Cecchini-preventiva.ogg\">https:\/\/infovera.com.ar\/web\/wp-content\/uploads\/2023\/03\/Fiscal-Francisco-Cecchini-preventiva.ogg<\/a><\/audio>\n","protected":false},"excerpt":{"rendered":"<p>As\u00ed fue resuelto en una audiencia de medidas cautelares llevada a cabo esta ma\u00f1ana en los tribunales de la ciudad de Santa Fe. Tambi\u00e9n se dispuso la prisi\u00f3n preventiva del otro hombre investigado como coautor del hecho il\u00edcito. Quedaron en prisi\u00f3n preventiva los dos hombre a los que se investiga como coautores del homicidio calificado [&hellip;]<\/p>\n","protected":false},"author":3,"featured_media":42896,"comment_status":"closed","ping_status":"closed","sticky":false,"template":"","format":"standard","meta":{"_joinchat":[],"footnotes":""},"categories":[61],"tags":[],"class_list":{"0":"post-42895","1":"post","2":"type-post","3":"status-publish","4":"format-standard","5":"has-post-thumbnail","7":"category-regionales"},"_links":{"self":[{"href":"https:\/\/infovera.com.ar\/web\/wp-json\/wp\/v2\/posts\/42895","targetHints":{"allow":["GET"]}}],"collection":[{"href":"https:\/\/infovera.com.ar\/web\/wp-json\/wp\/v2\/posts"}],"about":[{"href":"https:\/\/infovera.com.ar\/web\/wp-json\/wp\/v2\/types\/post"}],"author":[{"embeddable":true,"href":"https:\/\/infovera.com.ar\/web\/wp-json\/wp\/v2\/users\/3"}],"replies":[{"embeddable":true,"href":"https:\/\/infovera.com.ar\/web\/wp-json\/wp\/v2\/comments?post=42895"}],"version-history":[{"count":0,"href":"https:\/\/infovera.com.ar\/web\/wp-json\/wp\/v2\/posts\/42895\/revisions"}],"wp:featuredmedia":[{"embeddable":true,"href":"https:\/\/infovera.com.ar\/web\/wp-json\/wp\/v2\/media\/42896"}],"wp:attachment":[{"href":"https:\/\/infovera.com.ar\/web\/wp-json\/wp\/v2\/media?parent=42895"}],"wp:term":[{"taxonomy":"category","embeddable":true,"href":"https:\/\/infovera.com.ar\/web\/wp-json\/wp\/v2\/categories?post=42895"},{"taxonomy":"post_tag","embeddable":true,"href":"https:\/\/infovera.com.ar\/web\/wp-json\/wp\/v2\/tags?post=42895"}],"curies":[{"name":"wp","href":"https:\/\/api.w.org\/{rel}","templated":true}]}}