{"id":42886,"date":"2023-03-07T12:01:41","date_gmt":"2023-03-07T15:01:41","guid":{"rendered":"https:\/\/infovera.com.ar\/web\/?p=42886"},"modified":"2023-03-07T13:04:50","modified_gmt":"2023-03-07T16:04:50","slug":"protesta-y-reclamos-penitenciarios-seran-recibidos-el-miercoles-por-el-ministro-brilloni","status":"publish","type":"post","link":"https:\/\/infovera.com.ar\/web\/2023\/03\/07\/protesta-y-reclamos-penitenciarios-seran-recibidos-el-miercoles-por-el-ministro-brilloni\/","title":{"rendered":"Protesta y reclamos: penitenciarios ser\u00e1n recibidos el mi\u00e9rcoles por el ministro Brilloni"},"content":{"rendered":"<p><strong>Denuncian sobrecarga laboral y en consecuencia, mal descanso. Reclaman mejores ingresos y se quejan por la mala alimentaci\u00f3n. Tras una concentraci\u00f3n frente a Casa de Gobierno, se decidi\u00f3 la constituci\u00f3n de una mesa de trabajo con funcionarios provinciales.<\/strong><\/p>\n<p>Tras la protesta del viernes frente a Casa de Gobierno de un grupo de penitenciarios para reclamar mejores condiciones laborales, representantes del sector y su abogado ser\u00e1n recibidos el mi\u00e9rcoles por el ministro de Seguridad, Claudio Brilloni. La concentraci\u00f3n de trabajadores carcelarios se produjo despu\u00e9s de que un agente de 26 a\u00f1os se suicidara con su arma reglamentaria en la garita de la c\u00e1rcel de Pi\u00f1ero. La mayor\u00eda de los agentes que reclamaron en la plaza 25 de Mayo trabajan en ese penal; ese establecimiento, de hecho, es uno de los que aloja a los presos de alto perfil de la provincia.<\/p>\n<p>Entre los planteos, los agentes mencionaron los bajos ingresos que perciben y la incidencia negativa en el m\u00e9todo de liquidar el presentismo. Del mismo modo, hablaron de la sobrecarga horaria y en consecuencia, del inadecuado descanso. Finalmente, denunciaron las malas condiciones en la alimentaci\u00f3n que reciben. Tras un par de horas de protesta, se acerc\u00f3 y convers\u00f3 con los manifestantes el director del Servicio Penitenciario, Gabriel Leegstra.<\/p>\n<p>Di\u00e1logo<\/p>\n<p>Tras dejar la plaza, Leegstra recibi\u00f3 en su despacho a un grupo de agentes y al asesor letrado. Les aclar\u00f3 que los canales de comunicaci\u00f3n estaban abiertos, pero que la queja deb\u00eda plantearse por los carriles formales puesto que ni penitenciarios ni agentes policiales tienen permitido protagonizar movilizaciones p\u00fablicas. Se convino, aun as\u00ed, constituir una mesa de trabajo que tendr\u00e1 hasta fines de mes para analizar la problem\u00e1tica e intentar\u00e1 dar respuesta a los puntos planteados. El 29 de marzo se volver\u00e1n a reunir para verificar los supuestos avances. Pero antes, este mi\u00e9rcoles, referentes del sector ser\u00e1n recibidos por el ministro Brilloni y por el secretario de Asuntos Penitenciarios, Walter G\u00e1lvez.<\/p>\n<p>Respecto del tema salarial, todos los funcionarios reconocen que tanto penitenciarios como polic\u00edas est\u00e1n mal pagos. En cuanto a la sobrecarga horaria \u2013 los agentes trabajan 48 horas por 24 de descanso-, Leegstra admiti\u00f3 que si bien se produjeron ingresos de nuevos agentes meses atr\u00e1s para descomprimir la situaci\u00f3n, el aumento constante de la poblaci\u00f3n carcelaria hace que tambi\u00e9n se incremente la demanda de personal. De all\u00ed deriva la sobrecarga horaria. De todos modos, mencion\u00f3 que esperan para junio el egreso e incorporaci\u00f3n de 270 nuevos penitenciarios.<\/p>\n<p>El a\u00f1o 2022, de hecho, cerr\u00f3 con 9.350 personas privadas de la libertad en prisiones y sedes policiales. Seg\u00fan publica del Observatorio de Seguridad P\u00fablica, es el n\u00famero m\u00e1s alto que se haya registrado en la provincia, y es exactamente el doble de los internos que se alojaban en la provincia en el a\u00f1o 2012; ello representa pr\u00e1cticamente un incremento del 150%.<\/p>\n","protected":false},"excerpt":{"rendered":"<p>Denuncian sobrecarga laboral y en consecuencia, mal descanso. Reclaman mejores ingresos y se quejan por la mala alimentaci\u00f3n. Tras una concentraci\u00f3n frente a Casa de Gobierno, se decidi\u00f3 la constituci\u00f3n de una mesa de trabajo con funcionarios provinciales. Tras la protesta del viernes frente a Casa de Gobierno de un grupo de penitenciarios para reclamar [&hellip;]<\/p>\n","protected":false},"author":3,"featured_media":42887,"comment_status":"closed","ping_status":"closed","sticky":false,"template":"","format":"standard","meta":{"_joinchat":[],"footnotes":""},"categories":[56],"tags":[],"class_list":{"0":"post-42886","1":"post","2":"type-post","3":"status-publish","4":"format-standard","5":"has-post-thumbnail","7":"category-destacados"},"_links":{"self":[{"href":"https:\/\/infovera.com.ar\/web\/wp-json\/wp\/v2\/posts\/42886","targetHints":{"allow":["GET"]}}],"collection":[{"href":"https:\/\/infovera.com.ar\/web\/wp-json\/wp\/v2\/posts"}],"about":[{"href":"https:\/\/infovera.com.ar\/web\/wp-json\/wp\/v2\/types\/post"}],"author":[{"embeddable":true,"href":"https:\/\/infovera.com.ar\/web\/wp-json\/wp\/v2\/users\/3"}],"replies":[{"embeddable":true,"href":"https:\/\/infovera.com.ar\/web\/wp-json\/wp\/v2\/comments?post=42886"}],"version-history":[{"count":0,"href":"https:\/\/infovera.com.ar\/web\/wp-json\/wp\/v2\/posts\/42886\/revisions"}],"wp:featuredmedia":[{"embeddable":true,"href":"https:\/\/infovera.com.ar\/web\/wp-json\/wp\/v2\/media\/42887"}],"wp:attachment":[{"href":"https:\/\/infovera.com.ar\/web\/wp-json\/wp\/v2\/media?parent=42886"}],"wp:term":[{"taxonomy":"category","embeddable":true,"href":"https:\/\/infovera.com.ar\/web\/wp-json\/wp\/v2\/categories?post=42886"},{"taxonomy":"post_tag","embeddable":true,"href":"https:\/\/infovera.com.ar\/web\/wp-json\/wp\/v2\/tags?post=42886"}],"curies":[{"name":"wp","href":"https:\/\/api.w.org\/{rel}","templated":true}]}}