{"id":42862,"date":"2023-03-04T12:05:30","date_gmt":"2023-03-04T15:05:30","guid":{"rendered":"https:\/\/infovera.com.ar\/web\/?p=42862"},"modified":"2023-03-07T13:07:40","modified_gmt":"2023-03-07T16:07:40","slug":"tragico-accidente-en-la-ruta-11-a-la-altura-de-berna","status":"publish","type":"post","link":"https:\/\/infovera.com.ar\/web\/2023\/03\/04\/tragico-accidente-en-la-ruta-11-a-la-altura-de-berna\/","title":{"rendered":"Tr\u00e1gico accidente en la ruta 11, a la altura de Berna"},"content":{"rendered":"<p>A las 7, en el kil\u00f3metro 765 de la ruta 11entreron en colisi\u00f3n (de frente),, un cami\u00f3n guiado por Juan Recalde,, 56 a\u00f1os, nacionalidad paraguaya y un Toyota Corola guiado por Natalia Delbon,, 37 a\u00f1os ( trasladada hacia Hospital).<\/p>\n<p>Iba acompa\u00f1ada por Lilian Chand\u00eda 44 y V\u00edctor S\u00e1nchez 44, que fallecieron en el acto.<\/p>\n<p>Trabajaron en el lugar Bomberos ciudad Reconquista y Malabrigo,, Policia Malabrigo.. Grupo T\u00e9cnico Forense. Polic\u00eda Vial.<\/p>\n","protected":false},"excerpt":{"rendered":"<p>A las 7, en el kil\u00f3metro 765 de la ruta 11entreron en colisi\u00f3n (de frente),, un cami\u00f3n guiado por Juan Recalde,, 56 a\u00f1os, nacionalidad paraguaya y un Toyota Corola guiado por Natalia Delbon,, 37 a\u00f1os ( trasladada hacia Hospital). Iba acompa\u00f1ada por Lilian Chand\u00eda 44 y V\u00edctor S\u00e1nchez 44, que fallecieron en el acto. Trabajaron [&hellip;]<\/p>\n","protected":false},"author":3,"featured_media":42863,"comment_status":"closed","ping_status":"closed","sticky":false,"template":"","format":"standard","meta":{"_joinchat":[],"footnotes":""},"categories":[55],"tags":[],"class_list":{"0":"post-42862","1":"post","2":"type-post","3":"status-publish","4":"format-standard","5":"has-post-thumbnail","7":"category-reconquista"},"_links":{"self":[{"href":"https:\/\/infovera.com.ar\/web\/wp-json\/wp\/v2\/posts\/42862","targetHints":{"allow":["GET"]}}],"collection":[{"href":"https:\/\/infovera.com.ar\/web\/wp-json\/wp\/v2\/posts"}],"about":[{"href":"https:\/\/infovera.com.ar\/web\/wp-json\/wp\/v2\/types\/post"}],"author":[{"embeddable":true,"href":"https:\/\/infovera.com.ar\/web\/wp-json\/wp\/v2\/users\/3"}],"replies":[{"embeddable":true,"href":"https:\/\/infovera.com.ar\/web\/wp-json\/wp\/v2\/comments?post=42862"}],"version-history":[{"count":0,"href":"https:\/\/infovera.com.ar\/web\/wp-json\/wp\/v2\/posts\/42862\/revisions"}],"wp:featuredmedia":[{"embeddable":true,"href":"https:\/\/infovera.com.ar\/web\/wp-json\/wp\/v2\/media\/42863"}],"wp:attachment":[{"href":"https:\/\/infovera.com.ar\/web\/wp-json\/wp\/v2\/media?parent=42862"}],"wp:term":[{"taxonomy":"category","embeddable":true,"href":"https:\/\/infovera.com.ar\/web\/wp-json\/wp\/v2\/categories?post=42862"},{"taxonomy":"post_tag","embeddable":true,"href":"https:\/\/infovera.com.ar\/web\/wp-json\/wp\/v2\/tags?post=42862"}],"curies":[{"name":"wp","href":"https:\/\/api.w.org\/{rel}","templated":true}]}}