{"id":42838,"date":"2023-03-02T10:29:06","date_gmt":"2023-03-02T13:29:06","guid":{"rendered":"https:\/\/infovera.com.ar\/web\/?p=42838"},"modified":"2023-03-03T12:21:14","modified_gmt":"2023-03-03T15:21:14","slug":"charla-informativa-sobre-viviendas-docentes","status":"publish","type":"post","link":"https:\/\/infovera.com.ar\/web\/2023\/03\/02\/charla-informativa-sobre-viviendas-docentes\/","title":{"rendered":"Charla informativa sobre viviendas docentes"},"content":{"rendered":"<p><strong>Se desarroll\u00f3 en el auditorio de Amsafe Vera con la presencia de la delegada seccional Nelcy Suligoy, el senador Osvaldo Sosa y la intendente Paula Mitre.<\/strong><\/p>\n<p>Las palabras de apertura estuvieron a cargo de la delegada Nelcy Suligoy quien no ocult\u00f3 su emoci\u00f3n \u201cpor este momento que tiene su historia que comenz\u00f3 hace varios a\u00f1os con la gesti\u00f3n del exintendente Ra\u00fal Seco Ensina y el exdelegado Elpide Dodorico, tuvo continuidad con Reynaldo Fabbroni y Aldo Pigh\u00edn, hasta llegar a esta instancia donde el presente nos pone en los umbrales de un sue\u00f1o tan esperado por los docentes de Vera\u201d.<\/p>\n<p>Por su parte la intendente Paula Mitre reconoci\u00f3 el lugar que le depar\u00f3 la gesti\u00f3n en un proyecto pr\u00f3ximo a concretarse, sin olvidar a quienes a lo largo de este tiempo lo hicieron posible como una muestra de lo que se puede lograr cuando se comparte el esfuerzo para un objetivo com\u00fan\u201d.<\/p>\n<p>\u201cUn agradecimiento especial a todas las personas que lo hicieron posible, teniendo en cuenta que era un proyecto de la gesti\u00f3n anterior, cuya licitaci\u00f3n estuvo a punto de caerse pero con el compromiso del senador pudimos mantenerla en pie y este es el resultado\u201d.<\/p>\n<p>Esto fue explicado tambi\u00e9n por el senador Osvaldo Sosa quien se sum\u00f3 a la iniciativa y logr\u00f3 la actualizaci\u00f3n de los costos para incluirla en el presupuesto que con la decisi\u00f3n pol\u00edtica del gobernador Perotti hoy se est\u00e1 ejecutando.<\/p>\n<p>\u201cEstamos muy felices por este momento que llevar\u00e1 alegr\u00eda a 20 familias de docentes que podr\u00e1n cumplir el sue\u00f1o de la casa propia y\u00a0 a quienes se les brindar\u00e1n todas las garant\u00edas de transparencia en el proceso de adjudicaci\u00f3n\u201d, remarc\u00f3.<\/p>\n<p>Es una obra delegada al municipio con financiamiento del gobierno provincial que incluye obras complementarias como veredas, desag\u00fces pluviales, mejorado de calles, alumbrado p\u00fablico, agua y cloacas.<\/p>\n<p>Son 20 unidades de dos dormitorios, cocina-comedor, ba\u00f1o y patio; con el detalle de que una est\u00e1 adaptada para una familia que tenga un integrante con discapacidad.<\/p>\n<p>La exposici\u00f3n estuvo a cargo de personal del \u00e1rea social de la Direcci\u00f3n Provincial de Vivienda y Urbanismo y asistieron numerosos interesados que fueron informados de los pasos a seguir, tanto para su inscripci\u00f3n en el padr\u00f3n de posibles adjudicatarios como el procedimiento para el sorteo hasta llegar a su adjudicaci\u00f3n.<\/p>\n<p>El tr\u00e1mite de inscripci\u00f3n podr\u00e1 realizarse a trav\u00e9s de la p\u00e1gina web oficial o asesor\u00e1ndose en la delegaci\u00f3n de Amsafe y la Municipalidad de Vera.<\/p>\n<p>Letyana Press<\/p>\n","protected":false},"excerpt":{"rendered":"<p>Se desarroll\u00f3 en el auditorio de Amsafe Vera con la presencia de la delegada seccional Nelcy Suligoy, el senador Osvaldo Sosa y la intendente Paula Mitre. Las palabras de apertura estuvieron a cargo de la delegada Nelcy Suligoy quien no ocult\u00f3 su emoci\u00f3n \u201cpor este momento que tiene su historia que comenz\u00f3 hace varios a\u00f1os [&hellip;]<\/p>\n","protected":false},"author":3,"featured_media":42839,"comment_status":"closed","ping_status":"closed","sticky":false,"template":"","format":"standard","meta":{"_joinchat":[],"footnotes":""},"categories":[53],"tags":[],"class_list":{"0":"post-42838","1":"post","2":"type-post","3":"status-publish","4":"format-standard","5":"has-post-thumbnail","7":"category-vera"},"_links":{"self":[{"href":"https:\/\/infovera.com.ar\/web\/wp-json\/wp\/v2\/posts\/42838","targetHints":{"allow":["GET"]}}],"collection":[{"href":"https:\/\/infovera.com.ar\/web\/wp-json\/wp\/v2\/posts"}],"about":[{"href":"https:\/\/infovera.com.ar\/web\/wp-json\/wp\/v2\/types\/post"}],"author":[{"embeddable":true,"href":"https:\/\/infovera.com.ar\/web\/wp-json\/wp\/v2\/users\/3"}],"replies":[{"embeddable":true,"href":"https:\/\/infovera.com.ar\/web\/wp-json\/wp\/v2\/comments?post=42838"}],"version-history":[{"count":0,"href":"https:\/\/infovera.com.ar\/web\/wp-json\/wp\/v2\/posts\/42838\/revisions"}],"wp:featuredmedia":[{"embeddable":true,"href":"https:\/\/infovera.com.ar\/web\/wp-json\/wp\/v2\/media\/42839"}],"wp:attachment":[{"href":"https:\/\/infovera.com.ar\/web\/wp-json\/wp\/v2\/media?parent=42838"}],"wp:term":[{"taxonomy":"category","embeddable":true,"href":"https:\/\/infovera.com.ar\/web\/wp-json\/wp\/v2\/categories?post=42838"},{"taxonomy":"post_tag","embeddable":true,"href":"https:\/\/infovera.com.ar\/web\/wp-json\/wp\/v2\/tags?post=42838"}],"curies":[{"name":"wp","href":"https:\/\/api.w.org\/{rel}","templated":true}]}}